{"id":68,"date":"2012-06-22T08:40:32","date_gmt":"2012-06-22T06:40:32","guid":{"rendered":"http:\/\/www.fmc-tourcoing.org\/new\/?p=68"},"modified":"2012-06-22T15:36:01","modified_gmt":"2012-06-22T13:36:01","slug":"statuts","status":"publish","type":"post","link":"https:\/\/www.fmc-tourcoing.org\/new\/2012\/06\/statuts\/","title":{"rendered":"Statuts"},"content":{"rendered":"<h1 style=\"text-align: center;\">ORIGINAUX (1975)<\/h1>\n<div align=\"center\">\n<p><span style=\"font-family: Arial, Helvetica, sans-serif; font-size: medium;\">SOCIETE MEDICALE TOURQUENNOISE DE PERFECTIONNEMENT POST UNIVERSITAIRE ET DE FORMATION CONTINUE<br \/>\nSTATUTS<\/span><\/p>\n<p align=\"left\"><span style=\"font-family: Arial, Helvetica, sans-serif; font-size: medium;\"><br \/>\nArticle ler<\/span><\/p>\n<\/div>\n<ul>\n<li>\n<div align=\"left\"><span style=\"font-family: Arial, Helvetica, sans-serif; font-size: medium;\">Il est cr\u00e9\u00e9 une Association d\u00e9nomm\u00e9e SOCIETE MEDICALE TOURQUENNOISE DE PERFECTIONNEMENT POST UNIVERSITAIRE ET DE FORMATION CONTINUE<\/span><\/div>\n<\/li>\n<li>\n<div align=\"left\"><span style=\"font-family: Arial, Helvetica, sans-serif; font-size: medium;\">Cette Association est r\u00e9gie par, la loi du l juillet 1901.<\/span><\/div>\n<\/li>\n<li>\n<div align=\"left\"><span style=\"font-family: Arial, Helvetica, sans-serif; font-size: medium;\">Sa dur\u00e9e est illimit\u00e9e.<\/span><\/div>\n<\/li>\n<li>\n<div align=\"left\"><span style=\"font-family: Arial, Helvetica, sans-serif; font-size: medium;\">Son si\u00e8ge social est fix\u00e9 au domicile du Pr\u00e9sident,, actuellement Docteur ROGER Michel 47 Rue Eric de Bisschop 59200 TOURCOING.<\/span><\/div>\n<\/li>\n<li>\n<div align=\"left\"><span style=\"font-family: Arial, Helvetica, sans-serif; font-size: medium;\">Il pourra \u00eatre transf\u00e9r\u00e9 ailleurs sur simple d\u00e9cision du Conseil d&rsquo;Administration.<\/span><\/div>\n<\/li>\n<\/ul>\n<blockquote>\n<div align=\"left\">\n<p align=\"center\"><span style=\"font-family: Arial, Helvetica, sans-serif; font-size: medium;\"><br \/>\nI &#8211; BUT ET COMPOSITION de L&rsquo;ASSOCIATION<\/span><\/p>\n<\/div>\n<\/blockquote>\n<div align=\"left\">\n<p><span style=\"font-family: Arial, Helvetica, sans-serif; font-size: medium;\"><br \/>\nArticle 2<\/span><\/p>\n<\/div>\n<blockquote>\n<div align=\"left\">\n<p><span style=\"font-family: Arial, Helvetica, sans-serif; font-size: medium;\"><br \/>\nL&rsquo;Association SOCIETE MEDICALE TOURQUENNOISE DE PERFECTIONNEMENT POST UNIVERSITAIRE ET DE FORMATION CONTINUE a pour mission<\/span><\/p>\n<\/div>\n<\/blockquote>\n<ul>\n<li>\n<div align=\"left\"><span style=\"font-family: Arial, Helvetica, sans-serif; font-size: medium;\">de promouvoir de coordonner et \u00e9ventuellement d&rsquo;organiser, des actions de formation continue destin\u00e9es aux m\u00e9decins, et par ce moyen de faciliter la promotion professionnelle du m\u00e9decins base de la promotion de la profession m\u00e9dicale toute enti\u00e8re.<\/span><\/div>\n<\/li>\n<li>\n<div align=\"left\"><span style=\"font-family: Arial, Helvetica, sans-serif; font-size: medium;\">de servir d&rsquo;interm\u00e9diaire \u00e0 la demande de ses adh\u00e9rents, entre ceux-ci et les organismes susceptibles de participer \u00e0 la promotion de cette Formation M\u00e9dicale Continue (Universit\u00e9, h\u00f4pitaux, etc&#8230;)e et \u00e9ventuellement passer toute convention de Formation Professionnelle et de promotion utile \u00e0 la mise en oeuvre des actions de formation continue, et vis\u00e9es en particulier par la Loi du 16 Juillet 1971.<\/span><\/div>\n<\/li>\n<li>\n<div align=\"left\"><span style=\"font-family: Arial, Helvetica, sans-serif; font-size: medium;\">de participer aux comit\u00e9s cr\u00e9\u00e9s pour ces actions de la Formation Professionnelle, la promotion sociale et l&#8217;emploi..<\/span><\/div>\n<\/li>\n<li>\n<div align=\"left\"><span style=\"font-family: Arial, Helvetica, sans-serif; font-size: medium;\">d&rsquo;\u00e9tudier les incidences \u00e9conomiques de la formation continue, et de pr\u00e9parer des solutions aux probl\u00e8mes pos\u00e9e,<\/span><\/div>\n<\/li>\n<li>\n<div align=\"left\"><span style=\"font-family: Arial, Helvetica, sans-serif; font-size: medium;\">de repr\u00e9senter ses adh\u00e9rents dans le cadre de la loi du 16 juillet 1971 \u00e0 l&rsquo;\u00e9chelon r4gional, coordonnant l&rsquo;action des associations locor\u00e9gionales de Formation M\u00e9dicale Continue et &lsquo;\u00e9ventuellement \u00e0 l&rsquo;\u00e9chelon national charg\u00e9 de la gestion d&rsquo;un Fond d&rsquo;Assurance Formation.<\/span><\/div>\n<\/li>\n<li>\n<div align=\"left\"><span style=\"font-family: Arial, Helvetica, sans-serif; font-size: medium;\">d&rsquo;\u00e9tudier les r\u00e9sultats des solutions mises en oeuvre ou des exp\u00e9riences nouvelles afin d&rsquo;encourager les solutions utiles, et plus g\u00e9n\u00e9ralement d&rsquo;entreprendre toutes recherches sur les probl\u00e8mes qui se posent ou viendront \u00e0 se poser en ce domaine, et sur les moyens de les r\u00e9soudre.<\/span><\/div>\n<\/li>\n<\/ul>\n<div align=\"left\">\n<p><span style=\"font-family: Arial, Helvetica, sans-serif; font-size: medium;\"><br \/>\nArticle 3<\/span><\/p>\n<\/div>\n<blockquote>\n<div align=\"left\">\n<p><span style=\"font-family: Arial, Helvetica, sans-serif; font-size: medium;\">Les moyens d&rsquo;action. de l&rsquo;association sont fix\u00e9s par le conseil d&rsquo;Administration qui r\u00e9glera par voie de r\u00e8glements int\u00e9rieurs les modalit\u00e9s suivent lesquelles ils s&rsquo;exerceront.<\/span><\/p>\n<\/div>\n<\/blockquote>\n<div align=\"left\"><span style=\"font-family: Arial, Helvetica, sans-serif; font-size: medium;\">Article 4<\/span><\/div>\n<blockquote>\n<div align=\"left\">\n<p><span style=\"font-family: Arial, Helvetica, sans-serif; font-size: medium;\">Sont membres de l&rsquo;Association<\/span><\/p>\n<\/div>\n<\/blockquote>\n<ul>\n<li>\n<div align=\"left\"><span style=\"font-family: Arial, Helvetica, sans-serif; font-size: medium;\">les membres fondateurs<\/span><\/div>\n<\/li>\n<li>\n<div align=\"left\"><span style=\"font-family: Arial, Helvetica, sans-serif; font-size: medium;\">tous les m\u00e9decins qui adh\u00e8rent aux pr\u00e9sents statuts et paient une cotisation annuelle dont le montant est fix\u00e9 par l&rsquo;Assembl\u00e9e G\u00e9n\u00e9rale<\/span><\/div>\n<\/li>\n<\/ul>\n<blockquote>\n<div align=\"left\">\n<p><span style=\"font-family: Arial, Helvetica, sans-serif; font-size: medium;\">Pour \u00eatre membre, il faut en faire la demande et \u00eatre agr\u00e9\u00e9 par le Conseil d&rsquo;Administration.<\/span><\/p>\n<\/div>\n<\/blockquote>\n<div align=\"left\"><span style=\"font-family: Arial, Helvetica, sans-serif; font-size: medium;\"><br \/>\nArticle 5<\/span><\/div>\n<blockquote>\n<div align=\"left\"><span style=\"font-family: Arial, Helvetica, sans-serif; font-size: medium;\"><br \/>\nLa qualit\u00e9 de membre de l&rsquo;association se perd<\/span><\/div>\n<\/blockquote>\n<ol>\n<li>\n<div align=\"left\">\n<p><span style=\"font-family: Arial, Helvetica, sans-serif; font-size: medium;\">par la d\u00e9mission<\/span><\/p>\n<\/div>\n<\/li>\n<li>\n<div align=\"left\">\n<p><span style=\"font-family: Arial, Helvetica, sans-serif; font-size: medium;\">par la radiation prononc\u00e9e pour non paiement de la cotisation ou pour motifs graves, par le Conseil d&rsquo;administration.<\/span><\/p>\n<\/div>\n<\/li>\n<\/ol>\n<blockquote>\n<div align=\"left\">\n<p><span style=\"font-family: Arial, Helvetica, sans-serif; font-size: medium;\"><br \/>\n<\/span><\/p>\n<\/div>\n<div align=\"center\"><span style=\"font-family: Arial, Helvetica, sans-serif; font-size: medium;\">II &#8211; ADMINISTRATION ET FONCTIONNEMENT<\/span><\/div>\n<\/blockquote>\n<div align=\"left\">\n<p><span style=\"font-family: Arial, Helvetica, sans-serif; font-size: medium;\"><br \/>\nArticle 6<\/span><\/p>\n<\/div>\n<blockquote>\n<div align=\"left\">\n<p><span style=\"font-family: Arial, Helvetica, sans-serif; font-size: medium;\">L&rsquo;Association est administr\u00e9e par un Conseil compos\u00e9 de 12 membres dont 9 \u00e9lus pour 3 ans et par l&rsquo;Assembl\u00e9e G\u00e9n\u00e9rale, et choisis dans les cat\u00e9gories de membres dont se compose cette assembl\u00e9e, et 3 membres de droit comprenant<\/span><\/p>\n<\/div>\n<\/blockquote>\n<ul>\n<li>\n<div align=\"left\"><span style=\"font-family: Arial, Helvetica, sans-serif; font-size: medium;\">un repr\u00e9sentant des hospitaliers<\/span><\/div>\n<\/li>\n<li>\n<div align=\"left\"><span style=\"font-family: Arial, Helvetica, sans-serif; font-size: medium;\">un repr\u00e9sentant des sp\u00e9cialistes de TOURCOING<\/span><\/div>\n<\/li>\n<li>\n<div align=\"left\"><span style=\"font-family: Arial, Helvetica, sans-serif; font-size: medium;\">un repr\u00e9sentant du syndicat de TOURCOING en la personne de son Pr\u00e9sident ou d&rsquo;un membre de son bureau.<\/span><\/div>\n<\/li>\n<\/ul>\n<blockquote>\n<div align=\"left\">\n<p><span style=\"font-family: Arial, Helvetica, sans-serif; font-size: medium;\">Le Conseil pourra en outre appeler \u00e0 si\u00e9ger avec voix consultative toute personne qui lui semblera utile.<br \/>\n<\/span><\/p>\n<p><span style=\"font-family: Arial, Helvetica, sans-serif; font-size: medium;\">Il est pr\u00e9vu en particulier l&rsquo;aide r\u00e9guli\u00e8re un conseiller technique.<br \/>\n<\/span><\/p>\n<p><span style=\"font-family: Arial, Helvetica, sans-serif; font-size: medium;\">En cas de vacances, le Conseil pourvoit au remplacement de ses membres manquants, saut ratification par la plus prochaine Assembl\u00e9e G\u00e9n\u00e9rale.<br \/>\n<\/span><\/p>\n<p><span style=\"font-family: Arial, Helvetica, sans-serif; font-size: medium;\">Le renouvellement du Conseil a lieu tous les ans par tiers, les membres devant sortir \u00e0 la fin des (deux ou trois premi\u00e8res p\u00e9riodes suivant le cas) seront d\u00e9sign\u00e9e par le sort au moment de l&rsquo;\u00e9lection du premier conseil. Les membres sortants sont r\u00e9\u00e9ligibles<\/span><\/p>\n<\/div>\n<\/blockquote>\n<div align=\"left\"><span style=\"font-family: Arial, Helvetica, sans-serif; font-size: medium;\"><br \/>\n<\/span><span style=\"font-family: Arial, Helvetica, sans-serif; font-size: medium;\">Article 7<\/span><\/div>\n<blockquote>\n<div align=\"left\"><span style=\"font-family: Arial, Helvetica, sans-serif; font-size: medium;\">La Conseil se r\u00e9unit deux fois par an et chaque fois qu&rsquo;il est convoqu\u00e9 par son pr\u00e9sident ou sur la demande du quart de ses membres. Ces d\u00e9cisions sont prises \u00e0 la majorit\u00e9 relative des membres pr\u00e9sente. Il d\u00e9termine lui-m\u00eame les conditions dans les quelles seront consign\u00e9s les r\u00e9sultats de ses d\u00e9lib\u00e9rations.<\/span><\/div>\n<\/blockquote>\n<div align=\"left\">\n<p><span style=\"font-family: Arial, Helvetica, sans-serif; font-size: medium;\"><br \/>\nArticle 8<\/span><\/p>\n<\/div>\n<blockquote>\n<div align=\"left\"><span style=\"font-family: Arial, Helvetica, sans-serif; font-size: medium;\">Toutes les fonctions de membre du Conseil d&rsquo;administration et du bureau sont gratuites.<\/span><\/div>\n<\/blockquote>\n<div align=\"left\">\n<p><span style=\"font-family: Arial, Helvetica, sans-serif; font-size: medium;\"><br \/>\nArticle 9<\/span><\/p>\n<\/div>\n<blockquote>\n<div align=\"left\"><span style=\"font-family: Arial, Helvetica, sans-serif; font-size: medium;\"><br \/>\nL&rsquo;Assembl\u00e9e g\u00e9n\u00e9rale des membres de l&rsquo;Association se r\u00e9unit une fois par an et chaque fois qu&rsquo;elle est convoqu\u00e9e par le Conseil d&rsquo;administration ou sur la demande du quart au moins de son membres.<br \/>\nSon ordre du jour est r\u00e9gl\u00e9 par le Conseil d&rsquo;administration. Son bureau est celui du Conseil.<br \/>\nElle entend les rapports sur la gestion du Conseil d&rsquo;administration, sur la situation financi\u00e8re et morale de l&rsquo;association. Elle approuve leu comptes de l&rsquo;exercice clos, vote le budget de l&rsquo;exercice suivant, d\u00e9lib\u00e8re sur les questions mises \u00e0 l&rsquo;ordre du jour et pourvoit au renouvellement des membres du Conseil d&rsquo;administration.<\/span><\/div>\n<\/blockquote>\n<div align=\"left\">\n<p><span style=\"font-family: Arial, Helvetica, sans-serif; font-size: medium;\"><br \/>\nArticle 10<\/span><\/p>\n<\/div>\n<blockquote>\n<div align=\"left\">\n<p><span style=\"font-family: Arial, Helvetica, sans-serif; font-size: medium;\"><br \/>\nLes d\u00e9penses sont ordonnanc\u00e9es par le pr\u00e9sident ou par toute autre personne d\u00e9l\u00e9gu\u00e9e \u00e0 cet effet par le conseil.<\/span><\/p>\n<p><span style=\"font-family: Arial, Helvetica, sans-serif; font-size: medium;\">L&rsquo;association est repr\u00e9sent\u00e9e en justice et dans tous les actes de la vie civile par le pr\u00e9sident au par toute autre personne d\u00e9l\u00e9gu\u00e9e \u00e0 cet effet par la conseil.<br \/>\n<\/span><\/p>\n<p><span style=\"font-family: Arial, Helvetica, sans-serif; font-size: medium;\">Le repr\u00e9sentant de l&rsquo;association doit jouir du plein exercice de ses droits civils.<\/span><\/p>\n<\/div>\n<\/blockquote>\n<div align=\"left\">\n<p><span style=\"font-family: Arial, Helvetica, sans-serif; font-size: medium;\"><br \/>\nArticle 11<\/span><\/p>\n<\/div>\n<blockquote>\n<div align=\"left\"><span style=\"font-family: Arial, Helvetica, sans-serif; font-size: medium;\"><br \/>\nLes d\u00e9lib\u00e9rations du Conseil d&rsquo;administration relatives aux acquisitions, \u00e9changes et ali\u00e9nations des immeubles n\u00e9cessaires au but poursuivi par l&rsquo;association, constitutions d8hypoth\u00e8ques sur les dits immeubles, baux exc\u00e9dant neuf ann\u00e9es, ali\u00e9nations de biens d\u00e9pendant du fonds de r\u00e9serve et emprunts, doivent \u00eatre soumises \u00e0 l&rsquo;approbation de l&rsquo;assembl\u00e9e g\u00e9n6rale. Tous les autres actes permis \u00e0 l&rsquo;association sont de la comp\u00e9tence du Conseil d&rsquo;administration.<\/span><\/div>\n<\/blockquote>\n<div align=\"left\">\n<p align=\"center\"><span style=\"font-family: Arial, Helvetica, sans-serif; font-size: medium;\"><br \/>\nIII &#8211; RESSOURCES ANNUELLES<\/span><\/p>\n<p><span style=\"font-family: Arial, Helvetica, sans-serif; font-size: medium;\"><br \/>\nArticle 12<\/span><\/p>\n<\/div>\n<blockquote>\n<div align=\"left\"><span style=\"font-family: Arial, Helvetica, sans-serif; font-size: medium;\">Le patrimoine de l&rsquo;association r\u00e9pondra seul des engagements contract\u00e9s en son nom et aucun des associ\u00e9e ne pourra, en aucun cas, en \u00eatre rendu responsable.<\/span><\/div>\n<\/blockquote>\n<div align=\"left\">\n<p><span style=\"font-family: Arial, Helvetica, sans-serif; font-size: medium;\"><br \/>\nArticle 13<\/span><\/p>\n<\/div>\n<blockquote>\n<div align=\"left\"><span style=\"font-family: Arial, Helvetica, sans-serif; font-size: medium;\"><br \/>\nLee recettes annuelles de l&rsquo;association se composent<\/span><\/div>\n<\/blockquote>\n<ol>\n<li>\n<div align=\"left\"><span style=\"font-family: Arial, Helvetica, sans-serif; font-size: medium;\">Des cotisations de ses membres<\/span><\/div>\n<\/li>\n<li>\n<div align=\"left\"><span style=\"font-family: Arial, Helvetica, sans-serif; font-size: medium;\">des subventions qui pourront lui \u00eatre accord\u00e9es par l&rsquo;Etat, les d\u00e9partements, et les communes, et des \u00e9tablissements publics<\/span><\/div>\n<\/li>\n<li>\n<div align=\"left\"><span style=\"font-family: Arial, Helvetica, sans-serif; font-size: medium;\">du revenu des biens<\/span><\/div>\n<\/li>\n<li>\n<div align=\"left\"><span style=\"font-family: Arial, Helvetica, sans-serif; font-size: medium;\">des sommes per\u00e7ues en contre partie des prestations fournies par l&rsquo;association<\/span><\/div>\n<\/li>\n<li>\n<div align=\"left\"><span style=\"font-family: Arial, Helvetica, sans-serif; font-size: medium;\">et de toutes autres ressources autoris\u00e9es par la loi et., s&rsquo;il y a lieu, avec l&rsquo;agr\u00e9ment de l&rsquo;autorit\u00e9 comp\u00e9tente.<\/span><\/div>\n<\/li>\n<\/ol>\n<blockquote>\n<div align=\"center\"><span style=\"font-family: Arial, Helvetica, sans-serif; font-size: medium;\"><br \/>\nIV &#8211; MODIFICATION DES STATUTS ET DISSOLUTION<\/span><\/div>\n<\/blockquote>\n<div align=\"left\">\n<p><span style=\"font-family: Arial, Helvetica, sans-serif; font-size: medium;\"><br \/>\nArticle 14<\/span><\/p>\n<\/div>\n<blockquote>\n<div align=\"left\">\n<p><span style=\"font-family: Arial, Helvetica, sans-serif; font-size: medium;\"><br \/>\nLes statuts ne peuvent \u00eatre modifi\u00e9s que sur la Proposition du Conseil d&rsquo;administration ou des deux tiers des membres dont se compose l&rsquo;assembl\u00e9e g\u00e9n\u00e9rale, soumise au bureau au moins un mois avant la s\u00e9ance.<br \/>\n<\/span><\/p>\n<p><span style=\"font-family: Arial, Helvetica, sans-serif; font-size: medium;\">L&rsquo;assembl\u00e9e doit se composer du quart au moins des membres en exercice. Si cette proportion n&rsquo;est pas atteinte, l&rsquo;assembl\u00e9e est convoqu\u00e9e de nouveau, mais \u00e0 quinze jours au moins d&rsquo;intervalle et cette fois elle peut valablement d\u00e9lib\u00e9rer, quel que soit le nombre des membres pr\u00e9sents.<br \/>\n<\/span><\/p>\n<p><span style=\"font-family: Arial, Helvetica, sans-serif; font-size: medium;\">Dans tous les cas, les statuts ne peuvent 8tre modifi\u00e9e qu&rsquo;\u00e0 la majorit\u00e9 des deux tiers des membres pr\u00e9sents.<\/span><\/p>\n<\/div>\n<\/blockquote>\n<div align=\"left\">\n<p><span style=\"font-family: Arial, Helvetica, sans-serif; font-size: medium;\"><br \/>\nArticle 12<\/span><\/p>\n<\/div>\n<blockquote>\n<div align=\"left\">\n<p><span style=\"font-family: Arial, Helvetica, sans-serif; font-size: medium;\"><br \/>\nL&rsquo;assembl\u00e9e g\u00e9n\u00e9rale appel\u00e9e \u00e0 se prononcer sur la dissolution de l&rsquo;association, et convoqu\u00e9e sp\u00e9cialement \u00e0 cet effet, doit comprendre au moins, la moiti\u00e9 plus un des membres en exercice, Si cette proportion n&rsquo;est pas atteinte, l&rsquo;assembl\u00e9e est convoqu\u00e9e de nouveau, mais \u00e0 quinze jours au moins d&rsquo;intervalle, et cette fois elle peut valablement d\u00e9lib\u00e9rer, quel que soit le nombre des pr\u00e9sents.<br \/>\n<\/span><\/p>\n<p><span style=\"font-family: Arial, Helvetica, sans-serif; font-size: medium;\">Dans tous les cas, la dissolution ne peut \u00eatre vot\u00e9e qu&rsquo;\u00e0 la majorit\u00e9 des deux tiers des membres pr\u00e9sents.<\/span><\/p>\n<\/div>\n<\/blockquote>\n<div align=\"left\">\n<p><span style=\"font-family: Arial, Helvetica, sans-serif; font-size: medium;\"><br \/>\nArticle 16<\/span><\/p>\n<\/div>\n<blockquote>\n<div align=\"left\">\n<p><span style=\"font-family: Arial, Helvetica, sans-serif; font-size: medium;\"><br \/>\nEn cas de dissolution volontaire, statutaire, prononc\u00e9e en justice ou par d\u00e9cret, l&rsquo;assembl\u00e9e g\u00e9n\u00e9rale d\u00e9signe un ou plusieurs commissaires charg\u00e9s de la liquidation des biens de l&rsquo;association.<br \/>\n<\/span><\/p>\n<p><span style=\"font-family: Arial, Helvetica, sans-serif; font-size: medium;\">Elle d\u00e9termine souverainement apr\u00e8s la reprise des apports, s&rsquo;il y a lieu, l&#8217;emploi de l&rsquo;actif net.<br \/>\n<\/span><\/p>\n<p><span style=\"font-family: Arial, Helvetica, sans-serif; font-size: medium;\">Le solde de l&rsquo;actif est attribu\u00e9 \u00e0 un ou plusieurs \u00e9tablissements analogues, en conformit\u00e9 de la l\u00e9gislation en vigueur.<br \/>\n<\/span><\/p>\n<\/div>\n<\/blockquote>\n<div align=\"left\"><span style=\"font-family: Arial, Helvetica, sans-serif; font-size: medium;\">Fait \u00e0 Tourcoing, le 19 d\u00e9cembre 1975<\/span><\/div>\n<div align=\"left\"><\/div>\n<div align=\"left\"><\/div>\n<h1 style=\"text-align: center;\" align=\"left\">MODIFIES en 1999<\/h1>\n<div align=\"left\"><\/div>\n<div align=\"left\"><span style=\"font-family: Arial, Helvetica, sans-serif; font-size: medium;\">PREFECTURE DU NORD<br \/>\nDirection de la R\u00e9glementation et des Libert\u00e9s Publiques<br \/>\n<\/span><\/div>\n<div align=\"left\">\n<p><span style=\"font-family: Arial, Helvetica, sans-serif; font-size: medium;\">Bureau des AssociationsR\u00e9c\u00e9piss\u00e9 de D\u00e9claration de MODIFICATION de l&rsquo;Association n\u00b0 0595012839<br \/>\n<\/span><\/p>\n<blockquote><p><span style=\"font-family: Arial, Helvetica, sans-serif; font-size: medium;\">VU la loi du ter juillet 1901 relative au contrat d&rsquo;association;<br \/>\nVU le d\u00e9cret du 16 ao\u00fbt 1901 portant r\u00e8glement d&rsquo;administration publique pour l&rsquo;ex\u00e9cution de la loi pr\u00e9cit\u00e9e &#8211;<br \/>\n<\/span><\/p><\/blockquote>\n<p><span style=\"font-family: Arial, Helvetica, sans-serif; font-size: medium;\">Le Pr\u00e9fet de la R\u00e9gion Nord \/ Pas de Calais, Pr\u00e9fet du Nord<br \/>\nOfficier de la L\u00e9gion d&rsquo;Honneur<br \/>\nOfficier de l&rsquo;Ordre National du M\u00e9rite<br \/>\n<\/span><\/p>\n<p><span style=\"font-family: Arial, Helvetica, sans-serif; font-size: medium;\">Donne r\u00e9c\u00e9piss\u00e9 \u00e0 M. BERNARD DECANTER, Pr\u00e9sident demeurant 331 RUE, DU BRUN PAIN 59200 TOURCOING d&rsquo;une d\u00e9claration en date du 7 octobre 1999 faisant conna\u00eetre le(s) changement(s) suivant(s): CONSEIL D&rsquo;ADMINISTRATION BUREAU SIEGE dans l&rsquo;association d\u00e9nomm\u00e9e<br \/>\n<\/span><\/p>\n<p><span style=\"font-family: Arial, Helvetica, sans-serif; font-size: medium;\">SOCIETE MEDICALE TOURQUENNOISE DE PERFECTIONNEMENT POST-UNIVERSITAIRE ET DE FORMATION CONTINUE<br \/>\n<\/span><\/p>\n<p><span style=\"font-family: Arial, Helvetica, sans-serif; font-size: medium;\">dont le si\u00e8ge social est situ\u00e9 100 RUE DE LILLE 59200 TOURCOING<br \/>\n<\/span><\/p>\n<p><span style=\"font-family: Arial, Helvetica, sans-serif; font-size: medium;\">d\u00e9cision prise le 6 mai 1999<br \/>\n<\/span><\/p>\n<p><span style=\"font-family: Arial, Helvetica, sans-serif; font-size: medium;\">Lille, le 8 octobre 1999<br \/>\n<\/span><\/p>\n<p><span style=\"font-family: Arial, Helvetica, sans-serif; font-size: medium;\">P\/Le Pr\u00e9fet,<\/span><\/p>\n<hr \/>\n<p><span style=\"font-family: Arial, Helvetica, sans-serif; font-size: medium;\">Extrait de la loi dit 1 juillet 1901 :<br \/>\n<\/span><\/p>\n<p><span style=\"font-family: Arial, Helvetica, sans-serif; font-size: medium;\">Les associations sont tenues de faire conna\u00eetre, dans les trois mois, tous les changements survenus dans leur administration ou leur direction, ainsi que toutes les modifications apport\u00e9es \u00e0 leurs statuts.<br \/>\n<\/span><\/p>\n<p><span style=\"font-family: Arial, Helvetica, sans-serif; font-size: medium;\">Les modifications et changements seront, seront contresign\u00e9s sur un registre sp\u00e9cial qui devra \u00eatre pr\u00e9sent\u00e9 aux autorit\u00e9s administratives ou judiciaires chaque fois qu&rsquo;elles en feront la demande.<br \/>\n<\/span><\/p>\n<p><span style=\"font-family: Arial, Helvetica, sans-serif; font-size: medium;\">Les modifications statutaires qui porteront sur un changement de titre, de but ou de si\u00e8ge social. devront en outre. faire l&rsquo;objet d&rsquo;une insertion au Journal Officiel dans le d\u00e9lai d&rsquo;un mois au moyen d&rsquo;un imprim\u00e9 \u00e0 retirer \u00e0 la Pr\u00e9fecture.<br \/>\n<\/span><\/p>\n<p><span style=\"font-family: Arial, Helvetica, sans-serif; font-size: medium;\">Le d\u00e9faut d&rsquo;insertion au Journal Officiel entra\u00eene la nullit\u00e9 des modifications. Ind\u00e9pendamment de cette nullit\u00e9 des modifications il pourra \u00eatre prononc\u00e9 \u00e0 la charge de ceux qui ont contrevenu aux dispositions qui pr\u00e9c\u00e8dent une amende dont le montant eu pr\u00e9vu \u00e0 l&rsquo;article 8 de la loi du 1 juillet 1901.<\/span><\/p>\n<h1 style=\"text-align: center;\"><\/h1>\n<h1 style=\"text-align: center;\">Modifications 2011<\/h1>\n<div><\/div>\n<h2 style=\"text-align: center;\"><a title=\"Modification des statuts en 2011\" href=\"http:\/\/www.fmc-tourcoing.org\/new\/wp-content\/uploads\/2012\/06\/prefecture-2011.pdf\" target=\"_blank\">T\u00e9l\u00e9charger<\/a><\/h2>\n<h1 style=\"text-align: center;\"><\/h1>\n<h1 style=\"text-align: center;\">Statuts de NORFORMED<\/h1>\n<p>&nbsp;<\/p>\n<div>\n<p align=\"center\"><span style=\"font-family: Arial, Helvetica, sans-serif; font-size: medium;\">FEDERATION DES MEDECINS DE LA REGION NORD POUR LA FORMATION PROFESSIONNELLE CONTINUE<\/span><\/p>\n<p><span style=\"font-family: Arial, Helvetica, sans-serif; font-size: medium;\">A &#8211; \u00a0FORMATION ET OBJET DE L&rsquo;ASSOCIATION<\/span><\/p>\n<\/div>\n<blockquote>\n<div><span style=\"font-family: Arial, Helvetica, sans-serif; font-size: medium;\">I &#8211; \u00a0Article1 &#8211;<\/span><\/div>\n<blockquote>\n<div><span style=\"font-family: Arial, Helvetica, sans-serif; font-size: medium;\">1 &#8211; Les membres de droit repr\u00e9sent\u00e9s par :<\/span><\/div>\n<blockquote>\n<div><span style=\"font-family: Arial, Helvetica, sans-serif; font-size: medium;\">\u00b7 Le Pr\u00e9sident du conseil D\u00e9partemental du Nord de l&rsquo;ordre des M\u00e9decins ou son repr\u00e9sentant<\/span><\/div>\n<div><span style=\"font-family: Arial, Helvetica, sans-serif; font-size: medium;\">\u00b7 Le Pr\u00e9sident du conseil D\u00e9partemental du Pas-de-Calais de l&rsquo;ordre des M\u00e9decins ou son repr\u00e9sentant<\/span><\/div>\n<div><span style=\"font-family: Arial, Helvetica, sans-serif; font-size: medium;\">\u00b7 Monsieur le Doyen de la Facult\u00e9 de M\u00e9decine de Lille ou son repr\u00e9sentant<\/span><\/div>\n<div><span style=\"font-family: Arial, Helvetica, sans-serif; font-size: medium;\">\u00b7 Monsieur le Doyen de la Facult\u00e9 Libre de M\u00e9decine de Lille ou son repr\u00e9sentant<\/span><\/div>\n<div><span style=\"font-family: Arial, Helvetica, sans-serif; font-size: medium;\">\u00b7 Le Pr\u00e9sident de la chambre Syndicale des M\u00e9decins du D\u00e9partement du Nord ou son repr\u00e9sentant<\/span><\/div>\n<div><span style=\"font-family: Arial, Helvetica, sans-serif; font-size: medium;\">\u00b7 Le Pr\u00e9sident de la F\u00e9d\u00e9ration des Syndicats M\u00e9dicaux du Pas-de-calais, ou son repr\u00e9sentant<\/span><\/div>\n<div><span style=\"font-family: Arial, Helvetica, sans-serif; font-size: medium;\">\u00b7 Le Pr\u00e9sident du D\u00e9partement du Nord de l&rsquo;Union Nationale des Omnipraticiens fran\u00e7ais ou son repr\u00e9sentant<\/span><\/div>\n<div><span style=\"font-family: Arial, Helvetica, sans-serif; font-size: medium;\">\u00b7 Le Pr\u00e9sident du D\u00e9partement du Pas-de-Calais de l&rsquo;Union Nationale des omnipraticiens Fran\u00e7ais ou son repr\u00e9sentant<\/span><\/div>\n<div><span style=\"font-family: Arial, Helvetica, sans-serif; font-size: medium;\">\u00b7 Le Pr\u00e9sident de la F\u00e9d\u00e9ration Autonome des M\u00e9decins G\u00e9n\u00e9ralistes du Nord (MG 59) ou son repr\u00e9sentant<\/span><\/div>\n<div><span style=\"font-family: Arial, Helvetica, sans-serif; font-size: medium;\">\u00b7 Le Pr\u00e9sident de la F\u00e9d\u00e9ration Autonome des M\u00e9decins G\u00e9n\u00e9ralistes du Pas-de-Calais (MG 52) ou son repr\u00e9sentant<\/span><\/div>\n<div><span style=\"font-family: Arial, Helvetica, sans-serif; font-size: medium;\">\u00b7 Le Pr\u00e9sident du Groupement des M\u00e9decins sp\u00e9cialistes Nord\/Pas-de-calais ou son repr\u00e9sentant<\/span><\/div>\n<div><span style=\"font-family: Arial, Helvetica, sans-serif; font-size: medium;\">\u00b7 Monsieur le M\u00e9decin conseil de la caisse R\u00e9gionale d&rsquo;Assurance Maladie ou son repr\u00e9sentant<\/span><\/div>\n<\/blockquote>\n<div><span style=\"font-family: Arial, Helvetica, sans-serif; font-size: medium;\">2 &#8211; Les membres actifs repr\u00e9sent\u00e9s par :<\/span><\/div>\n<blockquote>\n<div><span style=\"font-family: Arial, Helvetica, sans-serif; font-size: medium;\">les membres \u00e9lus ou d\u00e9sign\u00e9s des associations, groupements et soci\u00e9t\u00e9s m\u00e9dicales ayant leur si\u00e8ge dans la r\u00e9gion Nord\/Pas-de-calais<\/span><\/div>\n<div><\/div>\n<\/blockquote>\n<div><span style=\"font-family: Arial, Helvetica, sans-serif; font-size: medium;\">forment une F\u00e9d\u00e9ration R\u00e9gionale Nord\/Pas-de-calais pour la formation m\u00e9dicale continue conform\u00e9ment \u00e0 la loi du 1er juillet 1901 qui a pour nom NORFORMED.<\/span><\/div>\n<\/blockquote>\n<div><span style=\"font-family: Arial, Helvetica, sans-serif; font-size: medium;\">II &#8211; \u00a0Article 2<\/span><\/div>\n<blockquote>\n<div>\n<p><span style=\"font-family: Arial, Helvetica, sans-serif; font-size: medium;\">cette F\u00e9d\u00e9ration a pour objet :<\/span><\/p>\n<\/div>\n<blockquote>\n<div><span style=\"font-family: Arial, Helvetica, sans-serif; font-size: medium;\">1. de promouvoir,d&rsquo;organiser la formation professionnelle continue des m\u00e9decins de la r\u00e9gion Nord\/Pas-de-Calais et \u00e9ventuellement de cr\u00e9er des actions de formation.<\/span><\/div>\n<div><span style=\"font-family: Arial, Helvetica, sans-serif; font-size: medium;\">2. de faciliter et coordonner l&rsquo;action des divers soci\u00e9t\u00e9s et groupements locaux de la r\u00e9gion qui organisent ou organiseront la formation m\u00e9dicale continue.<\/span><\/div>\n<div><span style=\"font-family: Arial, Helvetica, sans-serif; font-size: medium;\">3. de centraliser les besoins en mati\u00e8re de formation m\u00e9dicale, les analyser, les faire conna\u00eetre.<\/span><\/div>\n<div><span style=\"font-family: Arial, Helvetica, sans-serif; font-size: medium;\">4. repr\u00e9senter les m\u00e9decins de la r\u00e9gion Nord\/Pas-de-calais dans les organismes qui ont, ou auront, \u00e0 conna\u00eetre de la formation professionnelle continue des m\u00e9decins.<\/span><\/div>\n<\/blockquote>\n<\/blockquote>\n<div><span style=\"font-family: Arial, Helvetica, sans-serif; font-size: medium;\">III &#8211; \u00a0Article 3<\/span><\/div>\n<blockquote>\n<div>\n<p><span style=\"font-family: Arial, Helvetica, sans-serif; font-size: medium;\">Le si\u00e8ge est \u00e0 LILLE : 23 Boulevard de la Libert\u00e9.<\/span><\/p>\n<\/div>\n<div>\n<p><span style=\"font-family: Arial, Helvetica, sans-serif; font-size: medium;\">Le conseil d&rsquo;Administration choisit l&rsquo;immeuble o\u00f9 il s&rsquo;\u00e9tablit et prend toutes dispositions n\u00e9cessaires \u00e0 l&rsquo;installation.<\/span><\/p>\n<\/div>\n<div>\n<p><span style=\"font-family: Arial, Helvetica, sans-serif; font-size: medium;\">Il peut le transf\u00e9rer par simple d\u00e9cision dans la m\u00eame ville. Le transfert dans une autre ville ne peut \u00eatre d\u00e9cid\u00e9 que par l&rsquo;Assembl\u00e9e G\u00e9n\u00e9rale.<\/span><\/p>\n<\/div>\n<\/blockquote>\n<div><span style=\"font-family: Arial, Helvetica, sans-serif; font-size: medium;\">IV &#8211; \u00a0Article 4<\/span><\/div>\n<blockquote>\n<div><span style=\"font-family: Arial, Helvetica, sans-serif; font-size: medium;\">La dur\u00e9e de la F\u00e9d\u00e9ration est illimit\u00e9e.<\/span><\/div>\n<\/blockquote>\n<div><span style=\"font-family: Arial, Helvetica, sans-serif; font-size: medium;\">V &#8211; \u00a0Article 5<\/span><\/div>\n<blockquote>\n<div>\n<p><span style=\"font-family: Arial, Helvetica, sans-serif; font-size: medium;\">Sont membres de NORFORMED, les personnes morales impliqu\u00e9es dans la formation m\u00e9dicale continue.<\/span><\/p>\n<\/div>\n<div>\n<p><span style=\"font-family: Arial, Helvetica, sans-serif; font-size: medium;\">NORFORMED comprend deux cat\u00e9gories de membres :<\/span><\/p>\n<\/div>\n<blockquote>\n<div><span style=\"font-family: Arial, Helvetica, sans-serif; font-size: medium;\">\u00b7 les membres de droit, \u00e9num\u00e9r\u00e9s \u00e0 l&rsquo;article 1<\/span><\/div>\n<div><span style=\"font-family: Arial, Helvetica, sans-serif; font-size: medium;\">\u00b7 les membres actifs : Associations, Groupements et soci\u00e9t\u00e9s m\u00e9dicales de la r\u00e9gion NORD\/PAS DE CALAIS qui organisent la FMC.<\/span><\/div>\n<\/blockquote>\n<div>\n<p><span style=\"font-family: Arial, Helvetica, sans-serif; font-size: medium;\">Pour \u00eatre membre \u00e0 quel que titre que ce soit, il faut \u00eatre agr\u00e9\u00e9 par le conseil d&rsquo;Administration et s&rsquo;engager \u00e0 respecter les statuts.<\/span><\/p>\n<\/div>\n<div>\n<p><span style=\"font-family: Arial, Helvetica, sans-serif; font-size: medium;\">Les membres actifs versent une cotisation annuelle au prorata du nombre de leurs adh\u00e9rents dont le montant est fix\u00e9 chaque ann\u00e9e par l&rsquo;Assembl\u00e9e G\u00e9n\u00e9rale selon des modalit\u00e9s pr\u00e9vues au r\u00e8glement int\u00e9rieur.<\/span><\/p>\n<\/div>\n<\/blockquote>\n<div>\n<p><span style=\"font-family: Arial, Helvetica, sans-serif; font-size: medium;\">VI &#8211; \u00a0Article 6<\/span><\/p>\n<\/div>\n<blockquote>\n<div><span style=\"font-family: Arial, Helvetica, sans-serif; font-size: medium;\">La demande d&rsquo;adh\u00e9sion d&rsquo;une Association, d&rsquo;un Groupement, d&rsquo;une soci\u00e9t\u00e9 de la r\u00e9gion fiord\/Pas-de-calais est formul\u00e9e par \u00e9crit et adress\u00e9e au conseil d&rsquo;Administration de NORFORMED.<\/span><\/div>\n<\/blockquote>\n<\/blockquote>\n<div>\n<p><span style=\"font-family: Arial, Helvetica, sans-serif; font-size: medium;\">B &#8211; \u00a0RESSOURCES DE LA FEDERATION<\/span><\/p>\n<\/div>\n<blockquote>\n<div>\n<p><span style=\"font-family: Arial, Helvetica, sans-serif; font-size: medium;\">I &#8211; \u00a0Article 7<\/span><\/p>\n<\/div>\n<blockquote>\n<div>\n<p><span style=\"font-family: Arial, Helvetica, sans-serif; font-size: medium;\">Les recettes de la F\u00e9d\u00e9ration se composent :<\/span><\/p>\n<\/div>\n<blockquote>\n<div><span style=\"font-family: Arial, Helvetica, sans-serif; font-size: medium;\">1\/\u00a0 des cotisations de ses membres<\/span><\/div>\n<div><span style=\"font-family: Arial, Helvetica, sans-serif; font-size: medium;\">2\/ des subventions de la communaut\u00e9 Europ\u00e9enne, de l&rsquo;Etat, des r\u00e9gions, des d\u00e9partements, des communes et de tout organisme public ou priv\u00e9.<\/span><\/div>\n<div><span style=\"font-family: Arial, Helvetica, sans-serif; font-size: medium;\">3\/\u00a0 des int\u00e9r\u00eats des capitaux plac\u00e9s<\/span><\/div>\n<div><span style=\"font-family: Arial, Helvetica, sans-serif; font-size: medium;\">4\/la F\u00e9d\u00e9ration est en outre habilit\u00e9e \u00e0 recevoir, soit directement, soit par l&rsquo;interm\u00e9diaire d&rsquo;un fonda cr\u00e9\u00e9 \u00e0 cet effet, les sommes qui lui seraient vers\u00e9es en vue de la formation continue de ses membres dans le cadre des dispositions de la loi du 16juillet 1971 et de tous les textes l\u00e9gislatifs ou r\u00e9glementaires actuels ou \u00e0 venir qui s&rsquo;appliqueraient \u00e0 la formation continue des m\u00e9decins en particulier.<\/span><\/div>\n<\/blockquote>\n<\/blockquote>\n<div>\n<p><span style=\"font-family: Arial, Helvetica, sans-serif; font-size: medium;\">II &#8211; \u00a0Article 8<\/span><\/p>\n<\/div>\n<blockquote>\n<div><span style=\"font-family: Arial, Helvetica, sans-serif; font-size: medium;\">Il est tenu au jour le jour, une comptabilit\u00e9 recettes et d\u00e9penses, conforme \u00e0 la loi de 1901.<\/span><\/div>\n<\/blockquote>\n<\/blockquote>\n<div><span style=\"font-family: Arial, Helvetica, sans-serif; font-size: medium;\">C &#8211; \u00a0III ADMINISTRATION<\/span><\/div>\n<blockquote>\n<div>\n<p><span style=\"font-family: Arial, Helvetica, sans-serif; font-size: medium;\">I &#8211; \u00a0Article 9<\/span><\/p>\n<\/div>\n<blockquote>\n<div>\n<p><span style=\"font-family: Arial, Helvetica, sans-serif; font-size: medium;\">La F\u00e9d\u00e9ration est administr\u00e9e par un conseil d&rsquo;Administration dont le nombre de membres, fix\u00e9 par d\u00e9lib\u00e9ration de l&rsquo;Assembl\u00e9e G\u00e9n\u00e9rale, est compris entre 12 membres au moins et 50 membres au plus, et autant de suppl\u00e9ants qui si\u00e8gent en cas d&rsquo;absence ou de d\u00e9mission des titulaires.<\/span><\/p>\n<\/div>\n<div>\n<p><span style=\"font-family: Arial, Helvetica, sans-serif; font-size: medium;\">Les membres de droit disposent d&rsquo;un si\u00e8ge pour chacun d&rsquo;entre eux.<\/span><\/p>\n<\/div>\n<div>\n<p><span style=\"font-family: Arial, Helvetica, sans-serif; font-size: medium;\">Les autres membres du conseil sont \u00e9lus pour 6 ans et renouvelables par moiti\u00e9 tous les 3 ans. Les membres sortants sont r\u00e9\u00e9ligibles. En cas de d\u00e9c\u00e8s ou de d\u00e9mission d&rsquo;un nombre de membres du conseil d&rsquo;Administration \u00e9gal au tiers du nombre fix\u00e9 par les statuts, le conseil nomme provisoirement des membres compl\u00e9mentaires dont les fonctions expirent lors de la prochaine Assembl\u00e9e G\u00e9n\u00e9rale.<\/span><\/p>\n<\/div>\n<\/blockquote>\n<div>\n<p><span style=\"font-family: Arial, Helvetica, sans-serif; font-size: medium;\">II &#8211; \u00a0Article 10<\/span><\/p>\n<\/div>\n<blockquote>\n<div>\n<p><span style=\"font-family: Arial, Helvetica, sans-serif; font-size: medium;\">Dans le d\u00e9lai d&rsquo;une semaine au maximum apr\u00e8s l&rsquo;Assembl\u00e9e G\u00e9n\u00e9rale, le conseil d&rsquo;Administration se r\u00e9unit pour \u00e9lire en son sein et pour la dur\u00e9e du mandat du conseil d&rsquo;Administration, un bureau compos\u00e9 :<\/span><\/p>\n<\/div>\n<blockquote>\n<div><span style=\"font-family: Arial, Helvetica, sans-serif; font-size: medium;\">\u00b7 d&rsquo;un Pr\u00e9sident<\/span><\/div>\n<div><span style=\"font-family: Arial, Helvetica, sans-serif; font-size: medium;\">\u00b7 d&rsquo;un Pr\u00e9sident-Adjoint<\/span><\/div>\n<div><span style=\"font-family: Arial, Helvetica, sans-serif; font-size: medium;\">\u00b7 de 4 vice-Pr\u00e9sidents<\/span><\/div>\n<div><span style=\"font-family: Arial, Helvetica, sans-serif; font-size: medium;\">\u00b7 d&rsquo;un secr\u00e9taire<\/span><\/div>\n<div><span style=\"font-family: Arial, Helvetica, sans-serif; font-size: medium;\">\u00b7 d&rsquo;un secr\u00e9taire-adjoint<\/span><\/div>\n<div><span style=\"font-family: Arial, Helvetica, sans-serif; font-size: medium;\">\u00b7 d&rsquo;un tr\u00e9sorier<\/span><\/div>\n<div><span style=\"font-family: Arial, Helvetica, sans-serif; font-size: medium;\">\u00b7 d&rsquo;un tr\u00e9sorier-adjoint<\/span><\/div>\n<div><span style=\"font-family: Arial, Helvetica, sans-serif; font-size: medium;\">Les membres du bureau sont r\u00e9\u00e9ligibles,<\/span><\/div>\n<\/blockquote>\n<\/blockquote>\n<div>\n<p><span style=\"font-family: Arial, Helvetica, sans-serif; font-size: medium;\">III &#8211; \u00a0Article 11<\/span><\/p>\n<\/div>\n<blockquote>\n<div><span style=\"font-family: Arial, Helvetica, sans-serif; font-size: medium;\">Le conseil d&rsquo;Administration se r\u00e9unit au moins une fois tous les 6 mois et chaque fois qu&rsquo;il est convoqu\u00e9 par son Pr\u00e9sident ou \u00e0 la demande du quart de ses membres. La Pr\u00e9sence du tiers au moins du conseil d&rsquo;Administration est n\u00e9cessaire pour la validit\u00e9 des d\u00e9lib\u00e9rations. Il est tenu proc\u00e8s-verbal des s\u00e9ances.<\/span><\/div>\n<\/blockquote>\n<div>\n<p><span style=\"font-family: Arial, Helvetica, sans-serif; font-size: medium;\">IV &#8211; \u00a0Article 12<\/span><\/p>\n<\/div>\n<blockquote>\n<div><span style=\"font-family: Arial, Helvetica, sans-serif; font-size: medium;\">Les pouvoirs du conseil d&rsquo;Administration et du Bureau sont fix\u00e9s par le R\u00e8glement Int\u00e9rieur.<\/span><\/div>\n<\/blockquote>\n<div>\n<p><span style=\"font-family: Arial, Helvetica, sans-serif; font-size: medium;\">V &#8211; \u00a0Article 13<\/span><\/p>\n<\/div>\n<blockquote>\n<div>\n<p><span style=\"font-family: Arial, Helvetica, sans-serif; font-size: medium;\">Il est adjoint au Conseil d&rsquo;Administration des Commissions Techniques habilit\u00e9es \u00e0 \u00e9tudier toutes les modalit\u00e9s de formation professionnelle continue, adapt\u00e9es aux m\u00e9decins des diff\u00e9rentes disciplines.<\/span><\/p>\n<\/div>\n<div>\n<p><span style=\"font-family: Arial, Helvetica, sans-serif; font-size: medium;\">La d\u00e9signation et le fonctionnement de ces commissions sont pr\u00e9cis\u00e9es par le R\u00e8glement Int\u00e9rieur.<\/span><\/p>\n<\/div>\n<\/blockquote>\n<div>\n<p><span style=\"font-family: Arial, Helvetica, sans-serif; font-size: medium;\">VI &#8211; \u00a0Article 14<\/span><\/p>\n<\/div>\n<blockquote>\n<div>\n<p><span style=\"font-family: Arial, Helvetica, sans-serif; font-size: medium;\">Le Pr\u00e9sident repr\u00e9sente la F\u00e9d\u00e9ration dans tous les actes de la vie civile. Il est \u00e9galement qualifi\u00e9 pour ester en justice au nom de la F\u00e9d\u00e9ration.<\/span><\/p>\n<\/div>\n<div>\n<p><span style=\"font-family: Arial, Helvetica, sans-serif; font-size: medium;\">Il pr\u00e9side toutes les assembl\u00e9es.<\/span><\/p>\n<\/div>\n<div>\n<p><span style=\"font-family: Arial, Helvetica, sans-serif; font-size: medium;\">En cas d&rsquo;absence ou de maladie, il est repr\u00e9sent\u00e9 par le Pr\u00e9sident-Adjoint ou un des vice-pr\u00e9sidents.<\/span><\/p>\n<\/div>\n<\/blockquote>\n<div>\n<p><span style=\"font-family: Arial, Helvetica, sans-serif; font-size: medium;\">VII &#8211; \u00a0Article 15<\/span><\/p>\n<\/div>\n<blockquote>\n<div><span style=\"font-family: Arial, Helvetica, sans-serif; font-size: medium;\">Le Secr\u00e9taire G\u00e9n\u00e9ral est charg\u00e9 de la correspondance et es archives. Il r\u00e9dige les proc\u00e8s-verbaux des r\u00e9unions ou assembl\u00e9es et en g\u00e9n\u00e9ral, toutes les \u00e9critures concernant le fonctionnement de la F\u00e9d\u00e9ration.<\/span><\/div>\n<\/blockquote>\n<div>\n<p><span style=\"font-family: Arial, Helvetica, sans-serif; font-size: medium;\">VIII &#8211; \u00a0Article 16<\/span><\/p>\n<\/div>\n<blockquote>\n<div><span style=\"font-family: Arial, Helvetica, sans-serif; font-size: medium;\">Le Tr\u00e9sorier est charg\u00e9 de tout ce qui concerne la gestion du patrimoine de la F\u00e9d\u00e9ration. Il effectue tout paiement et re\u00e7oit sous la surveillance du Pr\u00e9sident, toutes sommes dues \u00e0 la F\u00e9d\u00e9ration. Il ne peut ali\u00e9ner les valeurs constituant le fonds de r\u00e9serve qu&rsquo;avec l&rsquo;autorisation du conseil d&rsquo;Administration.<\/span><\/div>\n<\/blockquote>\n<div>\n<p><span style=\"font-family: Arial, Helvetica, sans-serif; font-size: medium;\">IX &#8211; \u00a0Article 17<\/span><\/p>\n<\/div>\n<blockquote>\n<div>\n<p><span style=\"font-family: Arial, Helvetica, sans-serif; font-size: medium;\">L&rsquo;Assembl\u00e9e G\u00e9n\u00e9rale se compose de tous les membres de la F\u00e9d\u00e9ration \u00e0 quel que titre qu&rsquo;ils y soient affili\u00e9s<\/span><\/p>\n<\/div>\n<div>\n<p><span style=\"font-family: Arial, Helvetica, sans-serif; font-size: medium;\">Ses d\u00e9cisions sont obligatoirement applicables \u00e0 tous.<\/span><\/p>\n<\/div>\n<\/blockquote>\n<div>\n<p><span style=\"font-family: Arial, Helvetica, sans-serif; font-size: medium;\">X &#8211; \u00a0Article 18<\/span><\/p>\n<\/div>\n<blockquote>\n<div>\n<p><span style=\"font-family: Arial, Helvetica, sans-serif; font-size: medium;\">Les assembl\u00e9es sont ordinaires ou extraordinaires.<\/span><\/p>\n<\/div>\n<div>\n<p><span style=\"font-family: Arial, Helvetica, sans-serif; font-size: medium;\">L&rsquo;Assembl\u00e9e G\u00e9n\u00e9rale ordinaire a lieu une fois par an, dans le premier trimestre de l&rsquo;ann\u00e9e civile.<\/span><\/p>\n<\/div>\n<div>\n<p><span style=\"font-family: Arial, Helvetica, sans-serif; font-size: medium;\">L&rsquo;Assemble extraordinaire peut \u00eatre convoqu\u00e9e, en cas de circonstance exceptionnelle par le Pr\u00e9sident, sur avis conforme du conseil d&rsquo;Administration ou sur demande \u00e9crite d&rsquo;un dixi\u00e8me au moins des membres inscrits, d\u00e9pos\u00e9e au secr\u00e9tariat : en ce dernier cas, la r\u00e9union doit avoir lieu dans les 30 jours qui suivent le d\u00e9p\u00f4t de la demande au secr\u00e9tariat.<\/span><\/p>\n<\/div>\n<div>\n<p><span style=\"font-family: Arial, Helvetica, sans-serif; font-size: medium;\">Pour toutes les Assembl\u00e9es G\u00e9n\u00e9rales, les convocations doivent \u00eatre envoy\u00e9es au moins 15 jours \u00e0 l&rsquo;avance et indiquer l&rsquo;ordre du jour.<\/span><\/p>\n<\/div>\n<\/blockquote>\n<div>\n<p><span style=\"font-family: Arial, Helvetica, sans-serif; font-size: medium;\">XI &#8211; \u00a0Article 19<\/span><\/p>\n<\/div>\n<blockquote>\n<div><span style=\"font-family: Arial, Helvetica, sans-serif; font-size: medium;\">Outre les questions port\u00e9es \u00e0 l&rsquo;ordre du jour par le conseil d&rsquo;Administration, toute proposition portant la signature de 50 membres de l&rsquo;Association et d\u00e9pos\u00e9e au moins 8 jours avant la r\u00e9union au secr\u00e9tariat, pourra \u00eatre soumise \u00e0 l&rsquo;Assembl\u00e9e.<\/span><\/div>\n<\/blockquote>\n<div>\n<p><span style=\"font-family: Arial, Helvetica, sans-serif; font-size: medium;\">XII &#8211; \u00a0Article 20<\/span><\/p>\n<\/div>\n<blockquote>\n<div>\n<p><span style=\"font-family: Arial, Helvetica, sans-serif; font-size: medium;\">L&rsquo;Assembl\u00e9e G\u00e9n\u00e9rale annuelle re\u00e7oit le compte-rendu des travaux du conseil d&rsquo;Administration et les comptes du Tr\u00e9sorier : elle statue sur leur approbation. Elle statue souverainement sur les questions relatives au fonctionnement de la F\u00e9d\u00e9ration, donne toutes autorisations au conseil d&rsquo;Administration, au Pr\u00e9sident et au Tr\u00e9sorier pour effectuer toutes op\u00e9rations rentrant dans l&rsquo;objet de la F\u00e9d\u00e9ration<\/span><\/p>\n<\/div>\n<div>\n<p><span style=\"font-family: Arial, Helvetica, sans-serif; font-size: medium;\">Elle vote le budget de l&rsquo;ann\u00e9e, fixe les cotisations.<\/span><\/p>\n<\/div>\n<\/blockquote>\n<div>\n<p><span style=\"font-family: Arial, Helvetica, sans-serif; font-size: medium;\">XIII &#8211; \u00a0Article 21<\/span><\/p>\n<\/div>\n<blockquote>\n<div><span style=\"font-family: Arial, Helvetica, sans-serif; font-size: medium;\">L&rsquo;Assembl\u00e9e G\u00e9n\u00e9rale extraordinaire statue toutes les questions urgentes qui lui sont Elle peut seule apporter des modifications aux elle peut ordonner la prorogation ou la dissolution la F\u00e9d\u00e9ration ou sa fusion avec toutes autres poursuivant un but analogue, ou son avec toute union d&rsquo;Associations, mais dans cas divers elle doit \u00eatre compos\u00e9e du 1\/10\u00e8 au moins des membres ayant le droit de prendre part aux assembl\u00e9es. Si, ce quorum n&rsquo;est pas atteint, l&rsquo;Assembl\u00e9e est convoqu\u00e9e \u00e0 nouveau au moins 10 jours plus tard. cette fois, elle peut valablement d\u00e9lib\u00e9rer quel que soit le nombre des membres pr\u00e9sents. Dans tous les cas, la dissolution; ne peut \u00eatre vot\u00e9e qu&rsquo;\u00e0 la majorit\u00e9 des 2\/3 des membres de la F\u00e9d\u00e9ration<\/span><\/div>\n<\/blockquote>\n<div>\n<p><span style=\"font-family: Arial, Helvetica, sans-serif; font-size: medium;\">XIV &#8211; \u00a0\u00a0Article 22<\/span><\/p>\n<\/div>\n<blockquote>\n<div>\n<p><span style=\"font-family: Arial, Helvetica, sans-serif; font-size: medium;\">En cas de dissolution volontaire ou forc\u00e9e,<\/span><\/p>\n<\/div>\n<div>\n<p><span style=\"font-family: Arial, Helvetica, sans-serif; font-size: medium;\">L\u2019Assemble G\u00e9n\u00e9rale extraordinaire statue sur le d\u00e9volution du patrimoine de la F\u00e9d\u00e9ration, sans pouvoir attribuer aux membres de la F\u00e9d\u00e9ration autre chose que leurs apports. Elle attribue l&rsquo;actif conform\u00e9ment \u00e0 la loi et d\u00e9signe les associations similaires poursuivant le m\u00eame but, qui recevront le reliquat de l&rsquo;actif apr\u00e8s paiement de toutes les\u00a0 dettes et charges de la F\u00e9d\u00e9ration et de tous frais de liquidation. Elle nomme, pour assurer les op\u00e9rations de liquidation, un ou plusieurs membres de la f\u00e9d\u00e9ration qui seront investis, \u00e0 cet effet, de tout pouvoir n\u00e9cessaire.<\/span><\/p>\n<\/div>\n<\/blockquote>\n<div>\n<p><span style=\"font-family: Arial, Helvetica, sans-serif; font-size: medium;\">XV &#8211; \u00a0Article 23<\/span><\/p>\n<\/div>\n<blockquote>\n<div><span style=\"font-family: Arial, Helvetica, sans-serif; font-size: medium;\">Le Pr\u00e9sident, au nom du conseil d&rsquo;Administration est charg\u00e9 de remplir toutes les formalit\u00e9s, D\u00e9clarations et publications pr\u00e9vues par la loi du 1 juillet 1901 et par d\u00e9cret du 16\u00a0 ao\u00fbt de la m\u00eame ann\u00e9e.<\/span><\/div>\n<\/blockquote>\n<div>\n<p><span style=\"font-family: Arial, Helvetica, sans-serif; font-size: medium;\">XVI &#8211; \u00a0Article 24<\/span><\/p>\n<\/div>\n<blockquote>\n<div><span style=\"font-family: Arial, Helvetica, sans-serif; font-size: medium;\">Le tribunal comp\u00e9tent pour: toutes actions concernant l&rsquo;Association est celui du domicile de son si\u00e8ge, lors m\u00eame qu&rsquo;il s&rsquo;agirait de contrats pass\u00e9s dans les \u00e9tablissements sis dans d&rsquo;autres arrondissements.<\/span><\/div>\n<\/blockquote>\n<div>\n<p><span style=\"font-family: Arial, Helvetica, sans-serif; font-size: medium;\">A Lille, le 13 f\u00e9vrier 1993<\/span><\/p>\n<\/div>\n<blockquote>\n<div>\n<p><span style=\"font-family: Arial, Helvetica, sans-serif; font-size: medium;\">Le Pr\u00e9sident : Dr F Thomas<\/span><\/p>\n<\/div>\n<div>\n<p><span style=\"font-family: Arial, Helvetica, sans-serif; font-size: medium;\">Le Secr\u00e9taire : Dr B. Sivery<\/span><\/p>\n<\/div>\n<div>\n<p><span style=\"font-family: Arial, Helvetica, sans-serif; font-size: medium;\">Le Tr\u00e9sorier : Dr J. Fievet<\/span><\/p>\n<p>Statuts modifi\u00e9s en<\/p>\n<p><span style=\"font-family: Arial, Helvetica, sans-serif; font-size: medium;\">PREFECTURE DU NORD<br \/>\nDirection de la R\u00e9glementation et des Libert\u00e9s Publiques<br \/>\n<\/span><\/p>\n<p><span style=\"font-family: Arial, Helvetica, sans-serif; font-size: medium;\">Bureau des AssociationsR\u00e9c\u00e9piss\u00e9 de D\u00e9claration de MODIFICATION de l&rsquo;Association n\u00b0 0595012839<br \/>\n<\/span><\/p>\n<blockquote><p><span style=\"font-family: Arial, Helvetica, sans-serif; font-size: medium;\">VU la loi du ter juillet 1901 relative au contrat d&rsquo;association;<br \/>\nVU le d\u00e9cret du 16 ao\u00fbt 1901 portant r\u00e8glement d&rsquo;administration publique pour l&rsquo;ex\u00e9cution de la loi pr\u00e9cit\u00e9e &#8211;<br \/>\n<\/span><\/p><\/blockquote>\n<p><span style=\"font-family: Arial, Helvetica, sans-serif; font-size: medium;\">Le Pr\u00e9fet de la R\u00e9gion Nord \/ Pas de Calais, Pr\u00e9fet du Nord<br \/>\nOfficier de la L\u00e9gion d&rsquo;Honneur<br \/>\nOfficier de l&rsquo;Ordre National du M\u00e9rite<br \/>\n<\/span><\/p>\n<p><span style=\"font-family: Arial, Helvetica, sans-serif; font-size: medium;\">Donne r\u00e9c\u00e9piss\u00e9 \u00e0 M. BERNARD DECANTER, Pr\u00e9sident demeurant 331 RUE, DU BRUN PAIN 59200 TOURCOING d&rsquo;une d\u00e9claration en date du 7 octobre 1999 faisant conna\u00eetre le(s) changement(s) suivant(s): CONSEIL D&rsquo;ADMINISTRATION BUREAU SIEGE dans l&rsquo;association d\u00e9nomm\u00e9e<br \/>\n<\/span><\/p>\n<p><span style=\"font-family: Arial, Helvetica, sans-serif; font-size: medium;\">SOCIETE MEDICALE TOURQUENNOISE DE PERFECTIONNEMENT POST-UNIVERSITAIRE ET DE FORMATION CONTINUE<br \/>\n<\/span><\/p>\n<p><span style=\"font-family: Arial, Helvetica, sans-serif; font-size: medium;\">dont le si\u00e8ge social est situ\u00e9 100 RUE DE LILLE 59200 TOURCOING<br \/>\n<\/span><\/p>\n<p><span style=\"font-family: Arial, Helvetica, sans-serif; font-size: medium;\">d\u00e9cision prise le 6 mai 1999<br \/>\n<\/span><\/p>\n<p><span style=\"font-family: Arial, Helvetica, sans-serif; font-size: medium;\">Lille, le 8 octobre 1999<br \/>\n<\/span><\/p>\n<p><span style=\"font-family: Arial, Helvetica, sans-serif; font-size: medium;\">P\/Le Pr\u00e9fet,<\/span><\/p>\n<hr \/>\n<p><span style=\"font-family: Arial, Helvetica, sans-serif; font-size: medium;\">Extrait de la loi dit 1 juillet 1901 :<br \/>\n<\/span><\/p>\n<p><span style=\"font-family: Arial, Helvetica, sans-serif; font-size: medium;\">Les associations sont tenues de faire conna\u00eetre, dans les trois mois, tous les changements survenus dans leur administration ou leur direction, ainsi que toutes les modifications apport\u00e9es \u00e0 leurs statuts.<br \/>\n<\/span><\/p>\n<p><span style=\"font-family: Arial, Helvetica, sans-serif; font-size: medium;\">Les modifications et changements seront, seront contresign\u00e9s sur un registre sp\u00e9cial qui devra \u00eatre pr\u00e9sent\u00e9 aux autorit\u00e9s administratives ou judiciaires chaque fois qu&rsquo;elles en feront la demande.<br \/>\n<\/span><\/p>\n<p><span style=\"font-family: Arial, Helvetica, sans-serif; font-size: medium;\">Les modifications statutaires qui porteront sur un changement de titre, de but ou de si\u00e8ge social. devront en outre. faire l&rsquo;objet d&rsquo;une insertion au Journal Officiel dans le d\u00e9lai d&rsquo;un mois au moyen d&rsquo;un imprim\u00e9 \u00e0 retirer \u00e0 la Pr\u00e9fecture.<br \/>\n<\/span><\/p>\n<p><span style=\"font-family: Arial, Helvetica, sans-serif; font-size: medium;\">Le d\u00e9faut d&rsquo;insertion au Journal Officiel entra\u00eene la nullit\u00e9 des modifications. Ind\u00e9pendamment de cette nullit\u00e9 des modifications il pourra \u00eatre prononc\u00e9 \u00e0 la charge de ceux qui ont contrevenu aux dispositions qui pr\u00e9c\u00e8dent une amende dont le montant eu pr\u00e9vu \u00e0 l&rsquo;article 8 de la loi du 1 juillet 1901.<\/span><\/p>\n<div><\/div>\n<p style=\"text-align: left;\">\n<\/div>\n<\/blockquote>\n<\/blockquote>\n<p>&nbsp;<\/p>\n<\/div>\n","protected":false},"excerpt":{"rendered":"<p>ORIGINAUX (1975) SOCIETE MEDICALE TOURQUENNOISE DE PERFECTIONNEMENT POST UNIVERSITAIRE ET DE FORMATION CONTINUE STATUTS Article ler Il est cr\u00e9\u00e9 une Association d\u00e9nomm\u00e9e SOCIETE MEDICALE TOURQUENNOISE DE PERFECTIONNEMENT POST UNIVERSITAIRE ET DE FORMATION CONTINUE Cette Association est r\u00e9gie par, la loi &hellip; <a href=\"https:\/\/www.fmc-tourcoing.org\/new\/2012\/06\/statuts\/\">Continuer la lecture <span class=\"meta-nav\">&rarr;<\/span><\/a><\/p>\n","protected":false},"author":1,"featured_media":0,"comment_status":"closed","ping_status":"open","sticky":false,"template":"","format":"standard","meta":{"_crdt_document":"","footnotes":""},"categories":[7],"tags":[],"class_list":["post-68","post","type-post","status-publish","format-standard","hentry","category-association"],"_links":{"self":[{"href":"https:\/\/www.fmc-tourcoing.org\/new\/wp-json\/wp\/v2\/posts\/68","targetHints":{"allow":["GET"]}}],"collection":[{"href":"https:\/\/www.fmc-tourcoing.org\/new\/wp-json\/wp\/v2\/posts"}],"about":[{"href":"https:\/\/www.fmc-tourcoing.org\/new\/wp-json\/wp\/v2\/types\/post"}],"author":[{"embeddable":true,"href":"https:\/\/www.fmc-tourcoing.org\/new\/wp-json\/wp\/v2\/users\/1"}],"replies":[{"embeddable":true,"href":"https:\/\/www.fmc-tourcoing.org\/new\/wp-json\/wp\/v2\/comments?post=68"}],"version-history":[{"count":7,"href":"https:\/\/www.fmc-tourcoing.org\/new\/wp-json\/wp\/v2\/posts\/68\/revisions"}],"predecessor-version":[{"id":118,"href":"https:\/\/www.fmc-tourcoing.org\/new\/wp-json\/wp\/v2\/posts\/68\/revisions\/118"}],"wp:attachment":[{"href":"https:\/\/www.fmc-tourcoing.org\/new\/wp-json\/wp\/v2\/media?parent=68"}],"wp:term":[{"taxonomy":"category","embeddable":true,"href":"https:\/\/www.fmc-tourcoing.org\/new\/wp-json\/wp\/v2\/categories?post=68"},{"taxonomy":"post_tag","embeddable":true,"href":"https:\/\/www.fmc-tourcoing.org\/new\/wp-json\/wp\/v2\/tags?post=68"}],"curies":[{"name":"wp","href":"https:\/\/api.w.org\/{rel}","templated":true}]}}