{"id":2553,"date":"2024-10-18T11:02:48","date_gmt":"2024-10-18T09:02:48","guid":{"rendered":"https:\/\/www.fmc-tourcoing.org\/new\/?p=2553"},"modified":"2024-11-17T16:29:32","modified_gmt":"2024-11-17T15:29:32","slug":"dac-les-dispositifs-dappui-a-la-coordination-17-10-2024","status":"publish","type":"post","link":"https:\/\/www.fmc-tourcoing.org\/new\/2024\/10\/dac-les-dispositifs-dappui-a-la-coordination-17-10-2024\/","title":{"rendered":"\u00ab\u00a0DAC &#8211; Les Dispositifs d&rsquo;Appui \u00e0 la Coordination\u00a0\u00bb 17\/10\/2024"},"content":{"rendered":"\n<p><strong>Animateur :<\/strong><\/p>\n<p>Dr <strong>Rapha\u00ebl GIONO &#8211; <\/strong>M\u00e9decin G\u00e9n\u00e9raliste &#8211; Tourcoing<\/p>\n<p><strong>Experts :<\/strong><\/p>\n<p>Le DAC &nbsp;Appui Sant\u00e9 du Ferrain &#8211; Dispositif d&rsquo;appui \u00e0 la Coordination<\/p>\n<p>&nbsp;<a href=\"https:\/\/dac-asf.fr\/dac-appuisanteduferrain-en-video\/\">Site Internet du DAC Appui Sant\u00e9 du Ferrain <\/a><\/p>\n<p>Mr<strong> Thomas VAN LAETHEM<\/strong> Directeur du DAC<\/p>\n<p>Me <strong>Emeline MARANTE<\/strong> Coordinatrice territoriale&nbsp;<\/p>\n<p>Dr <strong>Corine LOISON<\/strong> M\u00e9decin Coordonnateur&nbsp;<\/p>\n<p><strong>PDF de la soir\u00e9e<\/strong> :<\/p>\n\n\n\n<p><a href=\"https:\/\/www.fmc-tourcoing.org\/new\/wp-content\/uploads\/2024\/10\/DAC-Appui-Sante-du-Ferrain.pdf\">DAC Pdf de la soir\u00e9e <\/a><\/p>\n\n\n\n\n\n\n\n<p><img loading=\"lazy\" decoding=\"async\" class=\"alignleft  wp-image-2560\" src=\"https:\/\/www.fmc-tourcoing.org\/new\/wp-content\/uploads\/2024\/10\/DAC-CAT-300x146.jpg\" alt=\"\" width=\"678\" height=\"330\" srcset=\"https:\/\/www.fmc-tourcoing.org\/new\/wp-content\/uploads\/2024\/10\/DAC-CAT-300x146.jpg 300w, https:\/\/www.fmc-tourcoing.org\/new\/wp-content\/uploads\/2024\/10\/DAC-CAT-1024x497.jpg 1024w, https:\/\/www.fmc-tourcoing.org\/new\/wp-content\/uploads\/2024\/10\/DAC-CAT-768x373.jpg 768w, https:\/\/www.fmc-tourcoing.org\/new\/wp-content\/uploads\/2024\/10\/DAC-CAT.jpg 1380w\" sizes=\"auto, (max-width: 678px) 100vw, 678px\" \/><\/p>\n\n\n\n\n\n\n","protected":false},"excerpt":{"rendered":"<p>Animateur : Dr Rapha\u00ebl GIONO &#8211; M\u00e9decin G\u00e9n\u00e9raliste &#8211; Tourcoing Experts : Le DAC &nbsp;Appui Sant\u00e9 du Ferrain &#8211; Dispositif d&rsquo;appui \u00e0 la Coordination &nbsp;Site Internet du DAC Appui Sant\u00e9 du Ferrain Mr Thomas VAN LAETHEM Directeur du DAC Me &hellip; <a href=\"https:\/\/www.fmc-tourcoing.org\/new\/2024\/10\/dac-les-dispositifs-dappui-a-la-coordination-17-10-2024\/\">Continuer la lecture <span class=\"meta-nav\">&rarr;<\/span><\/a><\/p>\n","protected":false},"author":3,"featured_media":0,"comment_status":"closed","ping_status":"open","sticky":false,"template":"","format":"standard","meta":{"_crdt_document":"","footnotes":""},"categories":[4,32,77,8],"tags":[],"class_list":["post-2553","post","type-post","status-publish","format-standard","hentry","category-accueil","category-communication","category-coordination","category-publications"],"_links":{"self":[{"href":"https:\/\/www.fmc-tourcoing.org\/new\/wp-json\/wp\/v2\/posts\/2553","targetHints":{"allow":["GET"]}}],"collection":[{"href":"https:\/\/www.fmc-tourcoing.org\/new\/wp-json\/wp\/v2\/posts"}],"about":[{"href":"https:\/\/www.fmc-tourcoing.org\/new\/wp-json\/wp\/v2\/types\/post"}],"author":[{"embeddable":true,"href":"https:\/\/www.fmc-tourcoing.org\/new\/wp-json\/wp\/v2\/users\/3"}],"replies":[{"embeddable":true,"href":"https:\/\/www.fmc-tourcoing.org\/new\/wp-json\/wp\/v2\/comments?post=2553"}],"version-history":[{"count":7,"href":"https:\/\/www.fmc-tourcoing.org\/new\/wp-json\/wp\/v2\/posts\/2553\/revisions"}],"predecessor-version":[{"id":2564,"href":"https:\/\/www.fmc-tourcoing.org\/new\/wp-json\/wp\/v2\/posts\/2553\/revisions\/2564"}],"wp:attachment":[{"href":"https:\/\/www.fmc-tourcoing.org\/new\/wp-json\/wp\/v2\/media?parent=2553"}],"wp:term":[{"taxonomy":"category","embeddable":true,"href":"https:\/\/www.fmc-tourcoing.org\/new\/wp-json\/wp\/v2\/categories?post=2553"},{"taxonomy":"post_tag","embeddable":true,"href":"https:\/\/www.fmc-tourcoing.org\/new\/wp-json\/wp\/v2\/tags?post=2553"}],"curies":[{"name":"wp","href":"https:\/\/api.w.org\/{rel}","templated":true}]}}