{"id":2171,"date":"2021-05-17T08:39:38","date_gmt":"2021-05-17T06:39:38","guid":{"rendered":"https:\/\/www.fmc-tourcoing.org\/new\/?p=2171"},"modified":"2021-05-17T08:40:40","modified_gmt":"2021-05-17T06:40:40","slug":"le-dispositif-psyenfantado","status":"publish","type":"post","link":"https:\/\/www.fmc-tourcoing.org\/new\/2021\/05\/le-dispositif-psyenfantado\/","title":{"rendered":"Le dispositif PsyEnfantAdo"},"content":{"rendered":"\n<p>Mise en place prochaine d\u2019un dispositif de soutien psychologique d\u2019urgence pour r\u00e9pondre aux cons\u00e9quences de la crise sanitaire sur la sant\u00e9 mentale chez les enfants et les adolescents<\/p>\n<p><a href=\"https:\/\/solidarites-sante.gouv.fr\/actualites\/actualites-du-ministere\/article\/le-dispositif-psyenfantado\" target=\"_blank\" rel=\"noopener\">Minsit\u00e8re de la Sant\u00e9<\/a><\/p>\n<div class=\"main-article__chapo texte--editorial crayon article-chapo-430523 \">\n<p>Au vu des cons\u00e9quences de la crise sanitaire sur la sant\u00e9 mentale des enfants et adolescents, le pr\u00e9sident de la R\u00e9publique, en visite au CHU de Reims le 14 avril 2021, a annonc\u00e9 la cr\u00e9ation d\u2019un dispositif de soutien psychologique d\u2019urgence d\u2019envergure nationale.<\/p>\n<p>Ce dispositif PsyEnfantsAdos s\u2019adresse aux jeunes de 3 \u00e0 17 ans en souffrance psychologique d\u2019intensit\u00e9 l\u00e9g\u00e8re \u00e0 mod\u00e9r\u00e9e. Il pr\u00e9voit ainsi, pour chaque enfant ou adolescent, et en fonction de ses besoins, jusqu\u2019\u00e0 10 s\u00e9ances chez un psychologue. Les s\u00e9ances sont int\u00e9gralement financ\u00e9es par l\u2019Assurance Maladie, sans avance de frais pour les familles.<\/p>\n<p>Le dispositif sera mis en place prochainement, avec la possibilit\u00e9 pour les psychologues de candidater d\u00e8s la fin du mois de mai et la possibilit\u00e9 pour les familles de b\u00e9n\u00e9ficier de s\u00e9ances d\u00e9but juin.<\/p>\n<\/div>\n<div class=\"main-article__texte texte--editorial crayon article-texte-430523 \">\n<p>La sant\u00e9 mentale des enfants et adolescents est une priorit\u00e9 de sant\u00e9 publique pour le gouvernement.<\/p>\n<p><strong>Le dispositif PsyEnfantAdo donne acc\u00e8s jusqu\u2019\u00e0 10 s\u00e9ances de soutien psychologique sans avance de frais chez le psychologue pour les enfants et adolescents de 3 \u00e0 17 ans en souffrance psychique d\u2019intensit\u00e9 l\u00e9g\u00e8re \u00e0 mod\u00e9r\u00e9e.<\/strong><\/p>\n<p>Il est ainsi destin\u00e9 aux enfants et adolescents pr\u00e9sentant des modifications explicites du comportement et\/ou du fonctionnement int\u00e9rieur, suscitant l\u2019inqui\u00e9tude de l\u2019entourage (famille, milieu scolaire, m\u00e9decin g\u00e9n\u00e9raliste, p\u00e9diatre, PMI etc\u2026).<\/p>\n<p>Pour toutes les situations en rapport avec des troubles s\u00e9v\u00e8res (ex\u00a0: situation psychiatrique s\u00e9v\u00e8re, trouble grave du comportement, risque suicidaire, etc), les enfants et adolescents doivent sans attendre \u00eatre orient\u00e9s vers des soins sp\u00e9cialis\u00e9s pour une prise en charge ad\u00e9quate. Cette initiative vient donc en compl\u00e9ment des dispositifs sp\u00e9cifiques existants pour les troubles s\u00e9v\u00e8res (centres m\u00e9dico-psychologiques infanto-juv\u00e9niles, urgences hospitali\u00e8res, soins sp\u00e9cialis\u00e9s, etc).<\/p>\n<p><strong>Le dispositif d\u2019urgence PsyEnfantAdo est une mesure exceptionnelle et transitoire. <\/strong><\/p>\n<p>Les enfants et adolescents pourront \u00eatre inclus dans le dispositif jusqu\u2019au 31 octobre 2021 et b\u00e9n\u00e9ficier de s\u00e9ances jusqu\u2019au 31 janvier 2022.<\/p>\n<p><strong>Afin de pouvoir en b\u00e9n\u00e9ficier, l\u2019enfant ou l\u2019adolescent devra \u00eatre adress\u00e9 au psychologue par un m\u00e9decin.<\/strong><\/p>\n<\/div>\n<p>\u00a0<\/p>\n\n\n","protected":false},"excerpt":{"rendered":"<p>Mise en place prochaine d\u2019un dispositif de soutien psychologique d\u2019urgence pour r\u00e9pondre aux cons\u00e9quences de la crise sanitaire sur la sant\u00e9 mentale chez les enfants et les adolescents Minsit\u00e8re de la Sant\u00e9 Au vu des cons\u00e9quences de la crise sanitaire &hellip; <a href=\"https:\/\/www.fmc-tourcoing.org\/new\/2021\/05\/le-dispositif-psyenfantado\/\">Continuer la lecture <span class=\"meta-nav\">&rarr;<\/span><\/a><\/p>\n","protected":false},"author":1,"featured_media":0,"comment_status":"closed","ping_status":"open","sticky":false,"template":"","format":"standard","meta":{"_crdt_document":"","footnotes":""},"categories":[4,8],"tags":[],"class_list":["post-2171","post","type-post","status-publish","format-standard","hentry","category-accueil","category-publications"],"_links":{"self":[{"href":"https:\/\/www.fmc-tourcoing.org\/new\/wp-json\/wp\/v2\/posts\/2171","targetHints":{"allow":["GET"]}}],"collection":[{"href":"https:\/\/www.fmc-tourcoing.org\/new\/wp-json\/wp\/v2\/posts"}],"about":[{"href":"https:\/\/www.fmc-tourcoing.org\/new\/wp-json\/wp\/v2\/types\/post"}],"author":[{"embeddable":true,"href":"https:\/\/www.fmc-tourcoing.org\/new\/wp-json\/wp\/v2\/users\/1"}],"replies":[{"embeddable":true,"href":"https:\/\/www.fmc-tourcoing.org\/new\/wp-json\/wp\/v2\/comments?post=2171"}],"version-history":[{"count":2,"href":"https:\/\/www.fmc-tourcoing.org\/new\/wp-json\/wp\/v2\/posts\/2171\/revisions"}],"predecessor-version":[{"id":2172,"href":"https:\/\/www.fmc-tourcoing.org\/new\/wp-json\/wp\/v2\/posts\/2171\/revisions\/2172"}],"wp:attachment":[{"href":"https:\/\/www.fmc-tourcoing.org\/new\/wp-json\/wp\/v2\/media?parent=2171"}],"wp:term":[{"taxonomy":"category","embeddable":true,"href":"https:\/\/www.fmc-tourcoing.org\/new\/wp-json\/wp\/v2\/categories?post=2171"},{"taxonomy":"post_tag","embeddable":true,"href":"https:\/\/www.fmc-tourcoing.org\/new\/wp-json\/wp\/v2\/tags?post=2171"}],"curies":[{"name":"wp","href":"https:\/\/api.w.org\/{rel}","templated":true}]}}