{"id":1833,"date":"2019-05-07T10:59:51","date_gmt":"2019-05-07T08:59:51","guid":{"rendered":"https:\/\/www.fmc-tourcoing.org\/new\/?p=1833"},"modified":"2019-06-24T08:34:46","modified_gmt":"2019-06-24T06:34:46","slug":"de-la-maladie-de-lyme-a-la-portee-des-recommandations-beh","status":"publish","type":"post","link":"https:\/\/www.fmc-tourcoing.org\/new\/2019\/05\/de-la-maladie-de-lyme-a-la-portee-des-recommandations-beh\/","title":{"rendered":"De la maladie de Lyme \u00e0 la port\u00e9e des recommandations (BEH)"},"content":{"rendered":"\n<div class=\"page\" title=\"Page 1\">\n<div class=\"layoutArea\">\n<div class=\"column\">\n<p><a href=\"http:\/\/beh.santepubliquefrance.fr\/beh\/2019\/14\/pdf\/2019_14_0.pdf\" target=\"_blank\" rel=\"noopener noreferrer\">L\u2019\u00c9LABORATION DES RECOMMANDATIONS DE PRISE EN CHARGE DE LA MALADIE DE LYME :<\/a><\/p>\n<p>UN N\u00c9CESSAIRE QUESTIONNEMENT \u00c9THIQUE<\/p>\n<p>(&#8230;) dans l\u2019\u00e9tat actuel du d\u00e9bat sur la BL et la forme de certaines actions r\u00e9centes d\u2019activistes, ne pourrait-on pas aussi redouter de voir entrer dans des recommandations des pratiques non-argument\u00e9es par la science et de principe inefficaces et hasardeuses pour les malades ?<\/p>\n<div class=\"page\" title=\"Page 2\">\n<div class=\"layoutArea\">\n<div class=\"column\">\n<p><a href=\"https:\/\/www.fmc-tourcoing.org\/new\/wp-content\/uploads\/2019\/05\/Borreliose1.pdf\" target=\"_blank\" rel=\"noopener noreferrer\">Editorial du BEH<\/a><\/p>\n<h2 class=\"document-title\"><a href=\"http:\/\/beh.santepubliquefrance.fr\/beh\/2019\/14\/2019_14_1.html\" target=\"_blank\" rel=\"noopener noreferrer\">L\u2019approche holistique des\u00a0patients consultant pour\u00a0borr\u00e9liose de\u00a0Lyme pr\u00e9sum\u00e9e aboutit \u00e0\u00a09,6% de\u00a0confirmation diagnostique*<\/a><\/h2>\n<p>(&#8230;)\u00a0Les ph\u00e9nom\u00e8nes de sur-diagnostic et de sur-traitement de la BL sont importants dans notre \u00e9tude, concordant avec deux autres \u00e9tudes fran\u00e7aises. Les autorit\u00e9s sanitaires de notre pays devraient se pencher sur ce probl\u00e8me pr\u00e9occupant, \u00e0 l\u2019heure du bon usage des antibiotiques.<\/p>\n<p><a href=\"https:\/\/www.fmc-tourcoing.org\/new\/wp-content\/uploads\/2019\/05\/Borreliose2.pdf\" target=\"_blank\" rel=\"noopener noreferrer\">Comment \u00eatre s\u00fbr ?<\/a><\/p>\n<\/div>\n<\/div>\n<\/div>\n<\/div>\n<\/div>\n<\/div>\n","protected":false},"excerpt":{"rendered":"<p>L\u2019\u00c9LABORATION DES RECOMMANDATIONS DE PRISE EN CHARGE DE LA MALADIE DE LYME : UN N\u00c9CESSAIRE QUESTIONNEMENT \u00c9THIQUE (&#8230;) dans l\u2019\u00e9tat actuel du d\u00e9bat sur la BL et la forme de certaines actions r\u00e9centes d\u2019activistes, ne pourrait-on pas aussi redouter de &hellip; <a href=\"https:\/\/www.fmc-tourcoing.org\/new\/2019\/05\/de-la-maladie-de-lyme-a-la-portee-des-recommandations-beh\/\">Continuer la lecture <span class=\"meta-nav\">&rarr;<\/span><\/a><\/p>\n","protected":false},"author":1,"featured_media":0,"comment_status":"closed","ping_status":"open","sticky":false,"template":"","format":"standard","meta":{"_crdt_document":"","footnotes":""},"categories":[4,8],"tags":[],"class_list":["post-1833","post","type-post","status-publish","format-standard","hentry","category-accueil","category-publications"],"_links":{"self":[{"href":"https:\/\/www.fmc-tourcoing.org\/new\/wp-json\/wp\/v2\/posts\/1833","targetHints":{"allow":["GET"]}}],"collection":[{"href":"https:\/\/www.fmc-tourcoing.org\/new\/wp-json\/wp\/v2\/posts"}],"about":[{"href":"https:\/\/www.fmc-tourcoing.org\/new\/wp-json\/wp\/v2\/types\/post"}],"author":[{"embeddable":true,"href":"https:\/\/www.fmc-tourcoing.org\/new\/wp-json\/wp\/v2\/users\/1"}],"replies":[{"embeddable":true,"href":"https:\/\/www.fmc-tourcoing.org\/new\/wp-json\/wp\/v2\/comments?post=1833"}],"version-history":[{"count":3,"href":"https:\/\/www.fmc-tourcoing.org\/new\/wp-json\/wp\/v2\/posts\/1833\/revisions"}],"predecessor-version":[{"id":1837,"href":"https:\/\/www.fmc-tourcoing.org\/new\/wp-json\/wp\/v2\/posts\/1833\/revisions\/1837"}],"wp:attachment":[{"href":"https:\/\/www.fmc-tourcoing.org\/new\/wp-json\/wp\/v2\/media?parent=1833"}],"wp:term":[{"taxonomy":"category","embeddable":true,"href":"https:\/\/www.fmc-tourcoing.org\/new\/wp-json\/wp\/v2\/categories?post=1833"},{"taxonomy":"post_tag","embeddable":true,"href":"https:\/\/www.fmc-tourcoing.org\/new\/wp-json\/wp\/v2\/tags?post=1833"}],"curies":[{"name":"wp","href":"https:\/\/api.w.org\/{rel}","templated":true}]}}