{"id":1771,"date":"2019-04-11T08:06:33","date_gmt":"2019-04-11T06:06:33","guid":{"rendered":"http:\/\/www.fmc-tourcoing.org\/new\/?p=1771"},"modified":"2019-04-11T08:47:28","modified_gmt":"2019-04-11T06:47:28","slug":"prise-en-charge-dun-trouble-de-lhumeur","status":"publish","type":"post","link":"https:\/\/www.fmc-tourcoing.org\/new\/2019\/04\/prise-en-charge-dun-trouble-de-lhumeur\/","title":{"rendered":"Prise en charge d&rsquo;un trouble de l&rsquo;humeur"},"content":{"rendered":"\n<h2 class=\"wp-block-heading\">DAC : Dispositif d&rsquo;Accueil et de Crise \u00e0 Tourcoing<\/h2>\n\n\n\n<ul class=\"wp-block-list\"><li>Pour le secteur psychiatrique de Tourcoing, des consultations d&rsquo;urgence et de crises permettent une accueil rapide, dans la journ\u00e9e, de patients par des psychiatres ou des psychologues, ceci du lundi au vendredi soir.<\/li><\/ul>\n\n\n\n<ul class=\"wp-block-list\"><li>Coordonn\u00e9es : 420, rue de l&rsquo;Yser \u00e0 Tourcoing<\/li><\/ul>\n\n\n\n<ul class=\"wp-block-list\"><li><strong>T\u00e9l : 03 20 68 37 80<\/strong><\/li><li><strong>Horaires 9h \u00e0 18 h du lundi au vendredi<\/strong>.<\/li><\/ul>\n\n\n\n<div class=\"wp-block-file\"><a href=\"http:\/\/www.fmc-tourcoing.org\/new\/wp-content\/uploads\/2019\/04\/dispositif-daccueil-et-de-crise-ch-tourcoing.pdf\" target=\"_blank\" rel=\"noreferrer noopener\">Pour en savoir plus : Dispositif d&rsquo;Accueil et de Crise \u00e0 Tourcoing<\/a><\/div>\n\n\n\n<h2 class=\"wp-block-heading\">Psychose maniaco-d\u00e9pressive<\/h2>\n\n\n\n<ul class=\"wp-block-list\"><li>D\u00e9but typique des troubles bipolaires : 15-25 ans.<\/li><li><strong>\u00c9pisode maniaque&nbsp;<\/strong>= persistance dans le temps d&rsquo;une augmentation pathologique de l&rsquo;humeur et de l&rsquo;\u00e9nergie = urgence m\u00e9dicale !<\/li><li><strong>Syndrome maniaque&nbsp;<\/strong>divis\u00e9 en 3 grandes composantes :<br \/>1. perturbations de l&rsquo;affectivit\u00e9 : humeur et \u00e9motions,<br \/>2. acc\u00e9l\u00e9ration psychomotrice,<br \/>3. signes associ\u00e9s : sommeil et rythmes, fonctions cognitives, alimentation, libido, retentissements.<\/li><li>Sp\u00e9cifications d\u00e9crivant les&nbsp;<strong>caract\u00e9ristiques&nbsp;<\/strong>du syndrome (\u00e9pisode) actuel : Caract\u00e9ristique psychotique.<\/li><li>Caract\u00e9ristique mixte.<br \/>Caract\u00e9ristique anxieuse.<br \/>Caract\u00e9ristique de d\u00e9but en p\u00e9ri-partum.<br \/>Caract\u00e9ristique catatonique.<br \/>Caract\u00e9ristique m\u00e9lancolique (si \u00e9pisode d\u00e9pressif caract\u00e9ris\u00e9). Caract\u00e9ristique atypique (si \u00e9pisode d\u00e9pressif caract\u00e9ris\u00e9).<\/li><li>Sp\u00e9cifications d\u00e9crivant l&rsquo;<strong>\u00e9volution&nbsp;<\/strong>des \u00e9pisodes r\u00e9currents : Caract\u00e8re saisonnier.<\/li><li>Cycles rapides.<br \/><strong>Surveiller et pr\u00e9venir le suicide +++<\/strong>. Rep\u00e9rer et traiter les&nbsp;<strong>comorbidit\u00e9s<\/strong>.<\/li><li><strong>Chimioth\u00e9rapie par thymor\u00e9gulateur&nbsp;<\/strong>le plus pr\u00e9cocement et au long cours :<br \/>Lithium (traitement de r\u00e9f\u00e9rence) : Teralithe 400 mg LP, \u00e9quilibre entre 0,8 et 1,2 mEq\/L. Le seul thymor\u00e9gulateur efficace dans la pr\u00e9vention du suicide.<br \/>Anticonvulsivant type Divalproate de sodium (Depakote) 750 mg\/jour.<\/li><li>Antipsychotique atypique (2e&nbsp;g\u00e9n\u00e9ration) : Olanzapine (Zyprexa), Risp\u00e9ridone (Risperdal), Aripiprazole (Abilify), Quetiapine (Xeroquel).<\/li><li>Sauvegarde de justice pour protection des biens en urgence.<\/li><\/ul>\n\n\n\n<div class=\"wp-block-file alignleft\"><a href=\"http:\/\/www.fmc-tourcoing.org\/new\/wp-content\/uploads\/2019\/04\/sides_ref_psy_item_62-Wiki-SIDES.pdf\" target=\"_blank\" rel=\"noreferrer noopener\">Pour en savoir plus : Psychose maniaco-d\u00e9pressive<\/a><\/div>\n\n\n\n<h2 class=\"wp-block-heading\"><\/h2>\n\n\n\n<h2 class=\"wp-block-heading\">Evaluer le risque suicidaire<\/h2>\n\n\n\n<ul class=\"wp-block-list\"><li>Comment \u00e9valuer le risque au t\u00e9l\u00e9phone ?<\/li><\/ul>\n\n\n\n<blockquote class=\"wp-block-quote is-layout-flow wp-block-quote-is-layout-flow\"><p>Quel est le ton de sa voix (monocorde, ralentie\u2026)?<\/p><p>Qu&rsquo;a&nbsp;t&rsquo;il fait (a t&rsquo;il eu une occupation ?)<\/p><p>O\u00f9 est-il et qui l&rsquo;entoure ? Est-il seul ?<\/p><p>Quelles sont ses ressources (RSA, handicap\u00e9, curatelle\u2026) ?<\/p><p>A t&rsquo;il consomm\u00e9 des toxiques (alcool, BZD\u2026) ?<\/p><p>Que va t&rsquo;il faire et s&rsquo;il \u00e9voque le suicide, est-ce&nbsp; un appel \u00e0 l&rsquo;aide de l&rsquo;entourage ou une intention r\u00e9elle ?<\/p><p>A t&rsquo;il des ant\u00e9c\u00e9dents psychiatriques ?<\/p><\/blockquote>\n\n\n\n<div class=\"wp-block-file\"><a href=\"http:\/\/www.fmc-tourcoing.org\/new\/wp-content\/uploads\/2019\/04\/Risque-suicidaire-de-ladulte.pdf\" target=\"_blank\" rel=\"noreferrer noopener\">Pour en savoir plus : Evaluer le risque suicidaire<\/a><\/div>\n\n\n\n<h2 class=\"wp-block-heading\">Etat d&rsquo;agitation et bouff\u00e9e d\u00e9lirante<\/h2>\n\n\n\n<div class=\"wp-block-file\"><a href=\"http:\/\/www.fmc-tourcoing.org\/new\/wp-content\/uploads\/2019\/04\/184_Agitations_delires_aigus-.pdf\" target=\"_blank\" rel=\"noreferrer noopener\">Pour en savoir plus : Etat d&rsquo;agitation et bouff\u00e9e d\u00e9lirante<\/a><\/div>\n\n\n\n<h2 class=\"wp-block-heading\">Certificats d&rsquo;hospitalisation<\/h2>\n\n\n\n<p class=\"wp-block-paragraph\"><a href=\"https:\/\/fapsnord.org\/WP\/2018\/08\/31\/certificat-hdt\/\" target=\"_blank\" rel=\"noreferrer noopener\" aria-label=\"Sur ce certificat il faut une description clinique claire\u2026 (ouverture dans un nouvel onglet)\">Sur ce certificat il faut une description clinique claire\u2026<\/a><\/p>\n","protected":false},"excerpt":{"rendered":"<p>DAC : Dispositif d&rsquo;Accueil et de Crise \u00e0 Tourcoing Pour le secteur psychiatrique de Tourcoing, des consultations d&rsquo;urgence et de crises permettent une accueil rapide, dans la journ\u00e9e, de patients par des psychiatres ou des psychologues, ceci du lundi au &hellip; <a href=\"https:\/\/www.fmc-tourcoing.org\/new\/2019\/04\/prise-en-charge-dun-trouble-de-lhumeur\/\">Continuer la lecture <span class=\"meta-nav\">&rarr;<\/span><\/a><\/p>\n","protected":false},"author":1,"featured_media":0,"comment_status":"closed","ping_status":"open","sticky":false,"template":"","format":"standard","meta":{"_crdt_document":"","footnotes":""},"categories":[4,29,55,8],"tags":[],"class_list":{"0":"post-1771","1":"post","2":"type-post","3":"status-publish","4":"format-standard","5":"hentry","6":"category-accueil","7":"category-compte-rendus-de-fmc-selection","9":"category-publications"},"_links":{"self":[{"href":"https:\/\/www.fmc-tourcoing.org\/new\/wp-json\/wp\/v2\/posts\/1771","targetHints":{"allow":["GET"]}}],"collection":[{"href":"https:\/\/www.fmc-tourcoing.org\/new\/wp-json\/wp\/v2\/posts"}],"about":[{"href":"https:\/\/www.fmc-tourcoing.org\/new\/wp-json\/wp\/v2\/types\/post"}],"author":[{"embeddable":true,"href":"https:\/\/www.fmc-tourcoing.org\/new\/wp-json\/wp\/v2\/users\/1"}],"replies":[{"embeddable":true,"href":"https:\/\/www.fmc-tourcoing.org\/new\/wp-json\/wp\/v2\/comments?post=1771"}],"version-history":[{"count":24,"href":"https:\/\/www.fmc-tourcoing.org\/new\/wp-json\/wp\/v2\/posts\/1771\/revisions"}],"predecessor-version":[{"id":1812,"href":"https:\/\/www.fmc-tourcoing.org\/new\/wp-json\/wp\/v2\/posts\/1771\/revisions\/1812"}],"wp:attachment":[{"href":"https:\/\/www.fmc-tourcoing.org\/new\/wp-json\/wp\/v2\/media?parent=1771"}],"wp:term":[{"taxonomy":"category","embeddable":true,"href":"https:\/\/www.fmc-tourcoing.org\/new\/wp-json\/wp\/v2\/categories?post=1771"},{"taxonomy":"post_tag","embeddable":true,"href":"https:\/\/www.fmc-tourcoing.org\/new\/wp-json\/wp\/v2\/tags?post=1771"}],"curies":[{"name":"wp","href":"https:\/\/api.w.org\/{rel}","templated":true}]}}