{"id":1704,"date":"2019-01-16T08:06:59","date_gmt":"2019-01-16T07:06:59","guid":{"rendered":"http:\/\/www.fmc-tourcoing.org\/new\/?p=1704"},"modified":"2019-04-01T14:14:10","modified_gmt":"2019-04-01T12:14:10","slug":"prise-en-charge-de-lenfant-en-surpoids","status":"publish","type":"post","link":"https:\/\/www.fmc-tourcoing.org\/new\/2019\/01\/prise-en-charge-de-lenfant-en-surpoids\/","title":{"rendered":"Prise en charge de l&rsquo;enfant en surpoids\u2026"},"content":{"rendered":"<h1 style=\"text-align: center;\"><span style=\"color: #ff0000;\">Prise en charge de l&rsquo;enfant en surpoids\u2026<\/span><\/h1>\n<p>Diaporamas de la soir\u00e9e<\/p>\n<p><a href=\"http:\/\/www.fmc-tourcoing.org\/new\/wp-content\/uploads\/2019\/01\/Obeclic.pdf\" target=\"_blank\" rel=\"noopener noreferrer\">Diaporama du Dr Alix Perotin, et co-auteur du site OBECLIC <\/a><\/p>\n<p style=\"padding-left: 30px;\"><a href=\"http:\/\/obeclic.fr\" target=\"_blank\" rel=\"noopener noreferrer\">Site associ\u00e9 : OBECLIC<\/a><\/p>\n<p><a href=\"http:\/\/www.fmc-tourcoing.org\/new\/wp-content\/uploads\/2019\/01\/PrevSante-Mel.pdf\" target=\"_blank\" rel=\"noopener noreferrer\">Pr\u00e9sentation du R\u00e9seau local PrevSante-Mel<\/a><\/p>\n<p style=\"padding-left: 30px;\"><a href=\"http:\/\/rdo-lille.org\" target=\"_blank\" rel=\"noopener noreferrer\">Site associ\u00e9 : PrevSant\u00e9 Mel<\/a><\/p>\n<p style=\"padding-left: 30px;\"><a href=\"http:\/\/www.fmc-tourcoing.org\/new\/wp-content\/uploads\/2019\/01\/PEC.pdf\" target=\"_blank\" rel=\"noopener noreferrer\">Prise en charge par la CPAM (ARS)<\/a><\/p>\n<p>\u00a0<\/p>\n\n\n<div class=\"wp-block-file\"><a href=\"http:\/\/www.fmc-tourcoing.org\/new\/wp-content\/uploads\/2019\/04\/Suivi.pdf\">Retour sur l&rsquo;exp\u00e9rimentation \u00ab\u00a0Mission : retrouve ton cap\u00a0\u00bb<\/a><a href=\"http:\/\/www.fmc-tourcoing.org\/new\/wp-content\/uploads\/2019\/04\/Suivi.pdf\" class=\"wp-block-file__button\" download>T\u00e9l\u00e9charger<\/a><\/div>\n","protected":false},"excerpt":{"rendered":"<p>Prise en charge de l&rsquo;enfant en surpoids\u2026 Diaporamas de la soir\u00e9e Diaporama du Dr Alix Perotin, et co-auteur du site OBECLIC Site associ\u00e9 : OBECLIC Pr\u00e9sentation du R\u00e9seau local PrevSante-Mel Site associ\u00e9 : PrevSant\u00e9 Mel Prise en charge par la &hellip; <a href=\"https:\/\/www.fmc-tourcoing.org\/new\/2019\/01\/prise-en-charge-de-lenfant-en-surpoids\/\">Continuer la lecture <span class=\"meta-nav\">&rarr;<\/span><\/a><\/p>\n","protected":false},"author":1,"featured_media":0,"comment_status":"closed","ping_status":"open","sticky":false,"template":"","format":"standard","meta":{"_crdt_document":"","footnotes":""},"categories":[4,29,8],"tags":[],"class_list":["post-1704","post","type-post","status-publish","format-standard","hentry","category-accueil","category-compte-rendus-de-fmc-selection","category-publications"],"_links":{"self":[{"href":"https:\/\/www.fmc-tourcoing.org\/new\/wp-json\/wp\/v2\/posts\/1704","targetHints":{"allow":["GET"]}}],"collection":[{"href":"https:\/\/www.fmc-tourcoing.org\/new\/wp-json\/wp\/v2\/posts"}],"about":[{"href":"https:\/\/www.fmc-tourcoing.org\/new\/wp-json\/wp\/v2\/types\/post"}],"author":[{"embeddable":true,"href":"https:\/\/www.fmc-tourcoing.org\/new\/wp-json\/wp\/v2\/users\/1"}],"replies":[{"embeddable":true,"href":"https:\/\/www.fmc-tourcoing.org\/new\/wp-json\/wp\/v2\/comments?post=1704"}],"version-history":[{"count":7,"href":"https:\/\/www.fmc-tourcoing.org\/new\/wp-json\/wp\/v2\/posts\/1704\/revisions"}],"predecessor-version":[{"id":1768,"href":"https:\/\/www.fmc-tourcoing.org\/new\/wp-json\/wp\/v2\/posts\/1704\/revisions\/1768"}],"wp:attachment":[{"href":"https:\/\/www.fmc-tourcoing.org\/new\/wp-json\/wp\/v2\/media?parent=1704"}],"wp:term":[{"taxonomy":"category","embeddable":true,"href":"https:\/\/www.fmc-tourcoing.org\/new\/wp-json\/wp\/v2\/categories?post=1704"},{"taxonomy":"post_tag","embeddable":true,"href":"https:\/\/www.fmc-tourcoing.org\/new\/wp-json\/wp\/v2\/tags?post=1704"}],"curies":[{"name":"wp","href":"https:\/\/api.w.org\/{rel}","templated":true}]}}