{"id":1614,"date":"2018-09-19T11:32:09","date_gmt":"2018-09-19T09:32:09","guid":{"rendered":"http:\/\/www.fmc-tourcoing.org\/new\/?p=1614"},"modified":"2018-09-19T11:52:57","modified_gmt":"2018-09-19T09:52:57","slug":"la-peau-le-reflet-dune-maladie-generale","status":"publish","type":"post","link":"https:\/\/www.fmc-tourcoing.org\/new\/2018\/09\/la-peau-le-reflet-dune-maladie-generale\/","title":{"rendered":"La peau,  reflet d\u2019une maladie G\u00e9n\u00e9rale."},"content":{"rendered":"\n<p class=\"wp-block-paragraph\"><h1 style=\"text-align: center;\">La peau, reflet d\u2019une maladie G\u00e9n\u00e9rale.<\/h1>\n<h2>Diaporama de la soir\u00e9e<\/h2>\n<\/p><p style=\"padding-left: 30px;\"><a href=\"http:\/\/www.fmc-tourcoing.org\/new\/wp-content\/uploads\/2018\/09\/PeauReflet.pdf\" target=\"_blank\" rel=\"noopener\">Peau, reflet d&rsquo;une maladie g\u00e9n\u00e9rale<\/a><\/p>\n\n\n\n<p class=\"wp-block-paragraph\"><h2>Pour en savoir plus<\/h2><\/p>\n\n\n\n<h3 style=\"padding-left: 30px;\"><a href=\"http:\/\/www-sante.ujf-grenoble.fr\/SANTE\/corpus\/disciplines\/dermato\/psoriasis\/123\/lecon123.htm\" target=\"_blank\" rel=\"noopener\">Psoriasis<\/a><\/h3>\n<h3 style=\"padding-left: 30px;\"><a href=\"http:\/\/campus.cerimes.fr\/immunologie\/enseignement\/immuno_114c\/site\/html\/4.html#43\" target=\"_blank\" rel=\"noopener\">Dermatose atopique<\/a><\/h3>\n<h3>\n\n\n\n<p class=\"wp-block-paragraph\"><\/p>\n\n\n\n<\/h3>\n<h3 style=\"padding-left: 30px;\"><a href=\"http:\/\/medecine-pharmacie.univ-rouen.fr\/servlet\/com.univ.collaboratif.utils.LectureFichiergw?ID_FICHIER=8144\" target=\"_blank\" rel=\"noopener\">Lupus<\/a><\/h3>\n<h3>\n\n\n\n<\/h3>\n<h3 style=\"padding-left: 30px;\"><a href=\"http:\/\/campus.cerimes.fr\/dermatologie\/enseignement\/dermato_44\/site\/html\/1.html\" target=\"_blank\" rel=\"noopener\">Eryth\u00e8me noueux<\/a><\/h3>\n<h3>\n\n\n\n<\/h3>\n<h3 style=\"padding-left: 30px;\"><a href=\"https:\/\/www.has-sante.fr\/portail\/jcms\/c_2666857\/fr\/pnds-dermatomyosite-de-l-enfant-et-de-l-adulte\" target=\"_blank\" rel=\"noopener\">Dermatomyosite<\/a><\/h3>\n<h3>\n\n\n\n<\/h3>\n<h3 style=\"padding-left: 30px;\"><a href=\"http:\/\/umvf.omsk-osma.ru\/campus-dermatologie\/Path%20Bucal\/erosionsetulcerations\/Cours\/2200fra.html\" target=\"_blank\" rel=\"noopener\">Pemphigo\u00efde bulleuse<\/a><\/h3>\n<h3>\n\n\n\n<\/h3>\n<h3 style=\"padding-left: 30px;\"><a href=\"http:\/\/campus.cerimes.fr\/dermatologie\/enseignement\/dermato_13\/site\/html\/\" target=\"_blank\" rel=\"noopener\">Syphilis<\/a><\/h3>\n<h3>\n\n\n\n<\/h3>\n<h3 style=\"padding-left: 30px;\"><a href=\"https:\/\/www.revmed.ch\/RMS\/2016\/RMS-N-513\/Syndrome-DRESS-drug-reaction-with-eosinophilia-and-systemic-symptoms\" target=\"_blank\" rel=\"noopener\">Dress syndrom<\/a><\/h3>\n<h3>\n\n\n\n<\/h3>\n<h3 style=\"padding-left: 30px;\">\u00a0<\/h3>\n","protected":false},"excerpt":{"rendered":"<p>La peau, reflet d\u2019une maladie G\u00e9n\u00e9rale. Diaporama de la soir\u00e9e Peau, reflet d&rsquo;une maladie g\u00e9n\u00e9rale Pour en savoir plus Psoriasis Dermatose atopique Lupus Eryth\u00e8me noueux Dermatomyosite Pemphigo\u00efde bulleuse Syphilis Dress syndrom \u00a0<\/p>\n","protected":false},"author":1,"featured_media":0,"comment_status":"closed","ping_status":"open","sticky":false,"template":"","format":"standard","meta":{"_crdt_document":"","footnotes":""},"categories":[4,29,8],"tags":[],"class_list":["post-1614","post","type-post","status-publish","format-standard","hentry","category-accueil","category-compte-rendus-de-fmc-selection","category-publications"],"_links":{"self":[{"href":"https:\/\/www.fmc-tourcoing.org\/new\/wp-json\/wp\/v2\/posts\/1614","targetHints":{"allow":["GET"]}}],"collection":[{"href":"https:\/\/www.fmc-tourcoing.org\/new\/wp-json\/wp\/v2\/posts"}],"about":[{"href":"https:\/\/www.fmc-tourcoing.org\/new\/wp-json\/wp\/v2\/types\/post"}],"author":[{"embeddable":true,"href":"https:\/\/www.fmc-tourcoing.org\/new\/wp-json\/wp\/v2\/users\/1"}],"replies":[{"embeddable":true,"href":"https:\/\/www.fmc-tourcoing.org\/new\/wp-json\/wp\/v2\/comments?post=1614"}],"version-history":[{"count":9,"href":"https:\/\/www.fmc-tourcoing.org\/new\/wp-json\/wp\/v2\/posts\/1614\/revisions"}],"predecessor-version":[{"id":1623,"href":"https:\/\/www.fmc-tourcoing.org\/new\/wp-json\/wp\/v2\/posts\/1614\/revisions\/1623"}],"wp:attachment":[{"href":"https:\/\/www.fmc-tourcoing.org\/new\/wp-json\/wp\/v2\/media?parent=1614"}],"wp:term":[{"taxonomy":"category","embeddable":true,"href":"https:\/\/www.fmc-tourcoing.org\/new\/wp-json\/wp\/v2\/categories?post=1614"},{"taxonomy":"post_tag","embeddable":true,"href":"https:\/\/www.fmc-tourcoing.org\/new\/wp-json\/wp\/v2\/tags?post=1614"}],"curies":[{"name":"wp","href":"https:\/\/api.w.org\/{rel}","templated":true}]}}