{"id":1584,"date":"2018-06-04T08:04:07","date_gmt":"2018-06-04T06:04:07","guid":{"rendered":"http:\/\/www.fmc-tourcoing.org\/new\/?p=1584"},"modified":"2018-06-04T08:05:41","modified_gmt":"2018-06-04T06:05:41","slug":"alzheimer-zoom-sur-les-travaux-de-la-has-guide-evaluation-des-medicaments","status":"publish","type":"post","link":"https:\/\/www.fmc-tourcoing.org\/new\/2018\/06\/alzheimer-zoom-sur-les-travaux-de-la-has-guide-evaluation-des-medicaments\/","title":{"rendered":"Alzheimer \u2013 Zoom sur les travaux de la HAS : guide, \u00e9valuation des m\u00e9dicaments&#8230;"},"content":{"rendered":"<h1 style=\"text-align: center;\">Alzheimer \u2013 Zoom sur les travaux de la HAS : guide, \u00e9valuation des m\u00e9dicaments&#8230;<\/h1>\n<p>&nbsp;<\/p>\n<p><a href=\"https:\/\/www.has-sante.fr\/portail\/jcms\/c_2680920\/fr\/alzheimer-zoom-sur-les-travaux-de-la-has-guide-evaluation-des-medicaments\" target=\"_blank\" rel=\"noopener\">Voir sur le site de l&rsquo;HAS<\/a><\/p>\n<p>(&#8230;) 19 fiches pratiques ont \u00e9t\u00e9 publi\u00e9es :<\/p>\n<div id=\"ui-accordion-accordion-panel-0\" class=\"ui-accordion-content ui-helper-reset ui-widget-content ui-corner-bottom ui-accordion-content-active\" style=\"padding-left: 30px;\"><a class=\"extern extern ID_c_2850962\" title=\"\" href=\"https:\/\/www.has-sante.fr\/portail\/jcms\/c_2850962\/fr\/1-troubles-cognitifs-et-troubles-neurocognitifs\" target=\"_blank\" rel=\"noopener\">1. Troubles cognitifs et troubles neurocognitifs<\/a><\/div>\n<div class=\"ui-accordion-content ui-helper-reset ui-widget-content ui-corner-bottom ui-accordion-content-active\" style=\"padding-left: 30px;\"><a class=\"extern extern ID_c_2851003\" title=\"\" href=\"https:\/\/www.has-sante.fr\/portail\/jcms\/c_2851003\/fr\/2-maladies-apparentees-mais-differentes\" target=\"_blank\" rel=\"noopener\">2. Maladies \u00ab apparent\u00e9es \u00bb mais diff\u00e9rentes<\/a><\/div>\n<div class=\"ui-accordion-content ui-helper-reset ui-widget-content ui-corner-bottom ui-accordion-content-active\" style=\"padding-left: 30px;\"><a class=\"extern extern ID_c_2851008\" title=\"\" href=\"https:\/\/www.has-sante.fr\/portail\/jcms\/c_2851008\/fr\/3-maladies-d-alzheimer-et-apparentees-avant-65-ans-adulte-jeune\" target=\"_blank\" rel=\"noopener\">3. Maladies d&rsquo;Alzheimer et apparent\u00e9es avant 65 ans \u00ab adulte jeune \u00bb<\/a><\/div>\n<div class=\"ui-accordion-content ui-helper-reset ui-widget-content ui-corner-bottom ui-accordion-content-active\" style=\"padding-left: 30px;\"><a class=\"extern extern ID_c_2850965\" title=\"\" href=\"https:\/\/www.has-sante.fr\/portail\/jcms\/c_2850965\/fr\/4-une-demarche-diagnostique-progressive-et-personnalisee-en-medecine-generale\" target=\"_blank\" rel=\"noopener\">4. Une d\u00e9marche diagnostique progressive et personnalis\u00e9e en m\u00e9decine g\u00e9n\u00e9rale<\/a><\/div>\n<div class=\"ui-accordion-content ui-helper-reset ui-widget-content ui-corner-bottom ui-accordion-content-active\" style=\"padding-left: 30px;\"><a class=\"extern extern ID_c_2850966\" title=\"\" href=\"https:\/\/www.has-sante.fr\/portail\/jcms\/c_2850966\/fr\/5-tests-de-reperage-d-un-trouble-cognitif-en-medecine-generale\" target=\"_blank\" rel=\"noopener\">5. Tests de rep\u00e9rage d&rsquo;un trouble cognitif en m\u00e9decine g\u00e9n\u00e9rale<\/a><\/div>\n<div class=\"ui-accordion-content ui-helper-reset ui-widget-content ui-corner-bottom ui-accordion-content-active\" style=\"padding-left: 30px;\"><a class=\"extern extern ID_c_2850967\" title=\"\" href=\"https:\/\/www.has-sante.fr\/portail\/jcms\/c_2850967\/fr\/6-situations-diagnostiques-complexes\" target=\"_blank\" rel=\"noopener\">6. Situations diagnostiques complexes<\/a><\/div>\n<div class=\"ui-accordion-content ui-helper-reset ui-widget-content ui-corner-bottom ui-accordion-content-active\" style=\"padding-left: 30px;\"><a class=\"extern extern ID_c_2850968\" title=\"\" href=\"https:\/\/www.has-sante.fr\/portail\/jcms\/c_2850968\/fr\/7-le-droit-de-savoir-le-droit-de-decider\" target=\"_blank\" rel=\"noopener\">7. Le droit de savoir, le droit de d\u00e9cider<\/a><\/div>\n<div class=\"ui-accordion-content ui-helper-reset ui-widget-content ui-corner-bottom ui-accordion-content-active\" style=\"padding-left: 30px;\"><a class=\"extern extern ID_c_2850969\" title=\"\" href=\"https:\/\/www.has-sante.fr\/portail\/jcms\/c_2850969\/fr\/8-optimiser-les-consultations-memoire\" target=\"_blank\" rel=\"noopener\">8. Optimiser les consultations m\u00e9moire<\/a><\/div>\n<div class=\"ui-accordion-content ui-helper-reset ui-widget-content ui-corner-bottom ui-accordion-content-active\" style=\"padding-left: 30px;\"><a class=\"extern extern ID_c_2850970\" title=\"\" href=\"https:\/\/www.has-sante.fr\/portail\/jcms\/c_2850970\/fr\/9-etiologie-d-un-trouble-cognitif-consultations-memoire\" target=\"_blank\" rel=\"noopener\">9. \u00c9tiologie d&rsquo;un trouble cognitif &#8211; Consultations m\u00e9moire<\/a><\/div>\n<div class=\"ui-accordion-content ui-helper-reset ui-widget-content ui-corner-bottom ui-accordion-content-active\" style=\"padding-left: 30px;\"><a class=\"extern extern ID_c_2850971\" title=\"\" href=\"https:\/\/www.has-sante.fr\/portail\/jcms\/c_2850971\/fr\/10-acceder-a-la-recherche-et-a-l-innovation\" target=\"_blank\" rel=\"noopener\">10. Acc\u00e9der \u00e0 la recherche et \u00e0 l&rsquo;innovation<\/a><\/div>\n<div class=\"ui-accordion-content ui-helper-reset ui-widget-content ui-corner-bottom ui-accordion-content-active\" style=\"padding-left: 30px;\"><a class=\"extern extern ID_c_2850972\" title=\"\" href=\"https:\/\/www.has-sante.fr\/portail\/jcms\/c_2850972\/fr\/11-comprendre-le-handicap-du-aux-maladies-d-alzheimer-et-apparentees\" target=\"_blank\" rel=\"noopener\">11. Comprendre le handicap d\u00fb aux maladies d&rsquo;Alzheimer et apparent\u00e9es<\/a><\/div>\n<div class=\"ui-accordion-content ui-helper-reset ui-widget-content ui-corner-bottom ui-accordion-content-active\" style=\"padding-left: 30px;\"><a class=\"extern extern ID_c_2850973\" title=\"\" href=\"https:\/\/www.has-sante.fr\/portail\/jcms\/c_2850973\/fr\/12-preserver-une-autonomie-fonctionnelle-prise-en-charge-non-medicamenteuse\" target=\"_blank\" rel=\"noopener\">12. Pr\u00e9server une autonomie fonctionnelle, prise en charge non m\u00e9dicamenteuse<\/a><\/div>\n<div class=\"ui-accordion-content ui-helper-reset ui-widget-content ui-corner-bottom ui-accordion-content-active\" style=\"padding-left: 30px;\"><a class=\"extern extern ID_c_2850974\" title=\"\" href=\"https:\/\/www.has-sante.fr\/portail\/jcms\/c_2850974\/fr\/13-prevenir-les-troubles-psychocomportementaux\" target=\"_blank\" rel=\"noopener\">13. Pr\u00e9venir les troubles psychocomportementaux<\/a><\/div>\n<div class=\"ui-accordion-content ui-helper-reset ui-widget-content ui-corner-bottom ui-accordion-content-active\" style=\"padding-left: 30px;\"><a class=\"extern extern ID_c_2850975\" title=\"\" href=\"https:\/\/www.has-sante.fr\/portail\/jcms\/c_2850975\/fr\/14-communiquer-malgre-les-troubles-de-la-memoire-ou-du-langage\" target=\"_blank\" rel=\"noopener\">14. Communiquer malgr\u00e9 les troubles de la m\u00e9moire ou du langage<\/a><\/div>\n<div class=\"ui-accordion-content ui-helper-reset ui-widget-content ui-corner-bottom ui-accordion-content-active\" style=\"padding-left: 30px;\"><a class=\"extern extern ID_c_2850976\" title=\"\" href=\"https:\/\/www.has-sante.fr\/portail\/jcms\/c_2850976\/fr\/15-vivre-le-quotidien-le-point-de-vue-de-l-aidant\" target=\"_blank\" rel=\"noopener\">15. Vivre le quotidien, le point de vue de l&rsquo;aidant<\/a><\/div>\n<div class=\"ui-accordion-content ui-helper-reset ui-widget-content ui-corner-bottom ui-accordion-content-active\" style=\"padding-left: 30px;\"><a class=\"extern extern ID_c_2850977\" title=\"\" href=\"https:\/\/www.has-sante.fr\/portail\/jcms\/c_2850977\/fr\/16-mesures-de-protection-juridique-et-prealable-aux-mesures\" target=\"_blank\" rel=\"noopener\">16. Mesures de protection juridique et pr\u00e9alable aux mesures<\/a><\/div>\n<div class=\"ui-accordion-content ui-helper-reset ui-widget-content ui-corner-bottom ui-accordion-content-active\" style=\"padding-left: 30px;\"><a class=\"extern extern ID_c_2850978\" title=\"\" href=\"https:\/\/www.has-sante.fr\/portail\/jcms\/c_2850978\/fr\/17-situations-de-rupture-role-des-acteurs-de-proximite\" target=\"_blank\" rel=\"noopener\">17. Situations de rupture, r\u00f4le des acteurs de proximit\u00e9<\/a><\/div>\n<div class=\"ui-accordion-content ui-helper-reset ui-widget-content ui-corner-bottom ui-accordion-content-active\" style=\"padding-left: 30px;\"><a class=\"extern extern ID_c_2850979\" title=\"\" href=\"https:\/\/www.has-sante.fr\/portail\/jcms\/c_2850979\/fr\/18-maladies-d-alzheimer-et-apparentees-soins-au-stade-ultime-de-la-maladie\" target=\"_blank\" rel=\"noopener\">18. Maladies d&rsquo;Alzheimer et apparent\u00e9es : soins au stade ultime de la maladie<\/a><\/div>\n<div class=\"ui-accordion-content ui-helper-reset ui-widget-content ui-corner-bottom ui-accordion-content-active\" style=\"padding-left: 30px;\"><a class=\"extern extern ID_c_2850980\" title=\"\" href=\"https:\/\/www.has-sante.fr\/portail\/jcms\/c_2850980\/fr\/19-qualite-de-vie-des-personnes-malades\" target=\"_blank\" rel=\"noopener\">19. Qualit\u00e9 de vie des personnes malades<\/a><\/div>\n<p style=\"padding-left: 30px;\"><a href=\"https:\/\/www.has-sante.fr\/portail\/jcms\/c_2680920\/fr\/alzheimer-zoom-sur-les-travaux-de-la-has-guide-evaluation-des-medicaments\" target=\"_blank\" rel=\"noopener\">Pour en savoir plus&#8230;<\/a><\/p>\n<p>&nbsp;<\/p>\n","protected":false},"excerpt":{"rendered":"<p>Alzheimer \u2013 Zoom sur les travaux de la HAS : guide, \u00e9valuation des m\u00e9dicaments&#8230; &nbsp; Voir sur le site de l&rsquo;HAS (&#8230;) 19 fiches pratiques ont \u00e9t\u00e9 publi\u00e9es : 1. Troubles cognitifs et troubles neurocognitifs 2. Maladies \u00ab apparent\u00e9es \u00bb &hellip; <a href=\"https:\/\/www.fmc-tourcoing.org\/new\/2018\/06\/alzheimer-zoom-sur-les-travaux-de-la-has-guide-evaluation-des-medicaments\/\">Continuer la lecture <span class=\"meta-nav\">&rarr;<\/span><\/a><\/p>\n","protected":false},"author":1,"featured_media":0,"comment_status":"closed","ping_status":"open","sticky":false,"template":"","format":"standard","meta":{"_crdt_document":"","footnotes":""},"categories":[8],"tags":[],"class_list":["post-1584","post","type-post","status-publish","format-standard","hentry","category-publications"],"_links":{"self":[{"href":"https:\/\/www.fmc-tourcoing.org\/new\/wp-json\/wp\/v2\/posts\/1584","targetHints":{"allow":["GET"]}}],"collection":[{"href":"https:\/\/www.fmc-tourcoing.org\/new\/wp-json\/wp\/v2\/posts"}],"about":[{"href":"https:\/\/www.fmc-tourcoing.org\/new\/wp-json\/wp\/v2\/types\/post"}],"author":[{"embeddable":true,"href":"https:\/\/www.fmc-tourcoing.org\/new\/wp-json\/wp\/v2\/users\/1"}],"replies":[{"embeddable":true,"href":"https:\/\/www.fmc-tourcoing.org\/new\/wp-json\/wp\/v2\/comments?post=1584"}],"version-history":[{"count":3,"href":"https:\/\/www.fmc-tourcoing.org\/new\/wp-json\/wp\/v2\/posts\/1584\/revisions"}],"predecessor-version":[{"id":1587,"href":"https:\/\/www.fmc-tourcoing.org\/new\/wp-json\/wp\/v2\/posts\/1584\/revisions\/1587"}],"wp:attachment":[{"href":"https:\/\/www.fmc-tourcoing.org\/new\/wp-json\/wp\/v2\/media?parent=1584"}],"wp:term":[{"taxonomy":"category","embeddable":true,"href":"https:\/\/www.fmc-tourcoing.org\/new\/wp-json\/wp\/v2\/categories?post=1584"},{"taxonomy":"post_tag","embeddable":true,"href":"https:\/\/www.fmc-tourcoing.org\/new\/wp-json\/wp\/v2\/tags?post=1584"}],"curies":[{"name":"wp","href":"https:\/\/api.w.org\/{rel}","templated":true}]}}