{"id":1512,"date":"2018-03-23T16:30:57","date_gmt":"2018-03-23T15:30:57","guid":{"rendered":"http:\/\/www.fmc-tourcoing.org\/new\/?p=1512"},"modified":"2018-03-23T16:57:59","modified_gmt":"2018-03-23T15:57:59","slug":"autisme-tsa-trouble-du-spectre-autistique-et-autres-ted-troubles-envahissants-du-developpement-dr-lenfant","status":"publish","type":"post","link":"https:\/\/www.fmc-tourcoing.org\/new\/2018\/03\/autisme-tsa-trouble-du-spectre-autistique-et-autres-ted-troubles-envahissants-du-developpement-dr-lenfant\/","title":{"rendered":"Autisme (TSA : Trouble du Spectre Autistique) et autres TED (Troubles Envahissants du D\u00e9veloppement) (Dr Lenfant)"},"content":{"rendered":"<h1 style=\"text-align: center;\">Autisme (TSA : Trouble du Spectre Autistique)<\/h1>\n<h1 style=\"text-align: center;\">et autres TED (Troubles Envahissants du D\u00e9veloppement)<\/h1>\n<h1 style=\"text-align: center;\">Dr Lenfant<\/h1>\n<p><a href=\"http:\/\/www.fmc-tourcoing.org\/new\/wp-content\/uploads\/2018\/03\/Autisme-Diaporama.pdf\" target=\"_blank\" rel=\"noopener\">Diaporama de la soir\u00e9e<\/a><\/p>\n<p class=\"p1\" style=\"padding-left: 30px;\">Rep\u00e9rage et prise en charge pr\u00e9coces de l\u2018Autisme et Autres Troubles Envahissants du D\u00e9veloppement (TED)<\/p>\n<h2>Pour en savoir plus<\/h2>\n<p style=\"padding-left: 30px;\"><a href=\"http:\/\/www.fmc-tourcoing.org\/new\/wp-content\/uploads\/2018\/03\/Autisme-Adulte-HAS-Reco-2017-12.pdf\" target=\"_blank\" rel=\"noopener\">Autisme-Adulte-HAS-Reco-2017-12<\/a><\/p>\n<p class=\"p1\" style=\"padding-left: 60px;\">Trouble du spectre de l\u2019autisme : interventions et parcours de vie de l\u2019adulte<\/p>\n<p style=\"padding-left: 30px;\"><a href=\"http:\/\/www.fmc-tourcoing.org\/new\/wp-content\/uploads\/2018\/03\/Autisme-Adulte-HAS-2018-02.pdf\" target=\"_blank\" rel=\"noopener\">Autisme-Adulte-HAS-2018-02<\/a><\/p>\n<p class=\"p1\" style=\"padding-left: 60px;\">Autisme de l\u2019adulte : tout mettre en oeuvre pour l\u2019autonomie, l\u2019inclusion sociale et la qualit\u00e9 de vie<\/p>\n<p style=\"padding-left: 30px;\"><a href=\"http:\/\/www.fmc-tourcoing.org\/new\/wp-content\/uploads\/2018\/03\/Autisme-Diagnostic-2018-02.pdf\" target=\"_blank\" rel=\"noopener\">Autisme-Diagnostic-2018-02<\/a><\/p>\n<p class=\"p1\" style=\"padding-left: 60px;\">Trouble du spectre de l\u2019autisme : Diagnostic et \u00e9valuation chez l\u2019enfant et l\u2019adolescent<\/p>\n<p style=\"padding-left: 30px;\"><a href=\"http:\/\/www.fmc-tourcoing.org\/new\/wp-content\/uploads\/2018\/03\/Autisme-HAS-2018-02.pdf\" target=\"_blank\" rel=\"noopener\">Autisme-HAS-2018-02<\/a><\/p>\n<p class=\"p1\" style=\"padding-left: 60px;\">\u00ab\u00a0Autisme : poursuivons nos efforts\u00a0\u00bb &#8211; Tribune de la pr\u00e9sidente de la HAS<\/p>\n<p style=\"padding-left: 30px;\"><a href=\"http:\/\/www.fmc-tourcoing.org\/new\/wp-content\/uploads\/2018\/03\/Autisme-Enfant-HAS-2018-02.pdf\" target=\"_blank\" rel=\"noopener\">Autisme-Enfant-HAS-2018-02<\/a><\/p>\n<p class=\"p1\" style=\"padding-left: 60px;\">Autisme de l\u2019enfant : acc\u00e9l\u00e9rer les \u00e9tapes jusqu\u2019au diagnostic, agir sans attendre<\/p>\n<p style=\"padding-left: 30px;\"><a href=\"http:\/\/www.fmc-tourcoing.org\/new\/wp-content\/uploads\/2018\/03\/Spectre-Autisme-HAS-2018.pdf\" target=\"_blank\" rel=\"noopener\">Spectre-Autisme-HAS-2018<\/a><\/p>\n<p class=\"p1\" style=\"padding-left: 60px;\">Trouble du spectre de l\u2019autisme : Des signes d\u2019alerte \u00e0 la consultation d\u00e9di\u00e9e en soins primaires<\/p>\n<p style=\"padding-left: 30px;\"><a href=\"http:\/\/www.fmc-tourcoing.org\/new\/wp-content\/uploads\/2018\/03\/Depistage_Diagnostic-Autisme.pdf\" target=\"_blank\" rel=\"noopener\">Depistage_Diagnostic-Autisme<\/a><\/p>\n<p class=\"p1\" style=\"padding-left: 60px;\">D\u00e9pistage et diagnostic de l\u2019autisme Recommandations sur le d\u00e9pistage et le diagnostic de l\u2019autisme<\/p>\n<p style=\"padding-left: 30px;\"><a href=\"http:\/\/www.fmc-tourcoing.org\/new\/wp-content\/uploads\/2018\/03\/Autisme-Annonce.pdf\" target=\"_blank\" rel=\"noopener\">Autisme-Annonce<\/a><\/p>\n<p class=\"p1\" style=\"padding-left: 60px;\">Trouble du spectre de l\u2019autisme : Annonce du diagnostic et information des familles<\/p>\n<p style=\"padding-left: 30px;\"><a href=\"http:\/\/www.fmc-tourcoing.org\/new\/wp-content\/uploads\/2018\/03\/Conseils-pratiques-Autisme.pdf\" target=\"_blank\" rel=\"noopener\">Conseils-pratiques-Autisme<\/a><\/p>\n<p class=\"p2\" style=\"padding-left: 60px;\">Conseils pratiques \u00e0 destination des professionnels de sant\u00e9 pour mieux comprendre les besoins sp\u00e9cifiques des patients avec autisme ou troubles apparent\u00e9s.<\/p>\n<p style=\"padding-left: 30px;\"><a href=\"http:\/\/www.fmc-tourcoing.org\/new\/wp-content\/uploads\/2018\/03\/Autisme-QR-HAS-1.pdf\" target=\"_blank\" rel=\"noopener\">Autisme-QR-HAS<\/a><\/p>\n<p class=\"p1\" style=\"padding-left: 60px;\">Autisme \u2013 Questions\/R\u00e9ponses<\/p>\n<p style=\"padding-left: 30px;\"><a href=\"http:\/\/www.fmc-tourcoing.org\/new\/wp-content\/uploads\/2018\/03\/Autisme-Intro.pdf\" target=\"_blank\" rel=\"noopener\">Autisme-Intro<\/a><\/p>\n<p style=\"padding-left: 90px;\"><a href=\"http:\/\/www.fmc-tourcoing.org\/new\/wp-content\/uploads\/2018\/03\/Capture-d\u2019\u00e9cran-2018-03-23-\u00e0-16.11.19.png\"><img loading=\"lazy\" decoding=\"async\" class=\"aligncenter size-full wp-image-1534\" src=\"http:\/\/www.fmc-tourcoing.org\/new\/wp-content\/uploads\/2018\/03\/Capture-d\u2019\u00e9cran-2018-03-23-\u00e0-16.11.19.png\" alt=\"\" width=\"811\" height=\"721\" \/><\/a><\/p>\n<h2>Secteurs Nord Pas-de-Calais<\/h2>\n<p style=\"padding-left: 30px;\"><a href=\"http:\/\/www.fmc-tourcoing.org\/new\/wp-content\/uploads\/2018\/03\/Centre-Ressources-Autisme-Nord-PdC-1.pdf\" target=\"_blank\" rel=\"noopener\">Centre-Ressources-Autisme-Nord-PdC<\/a><\/p>\n<p class=\"p1\" style=\"padding-left: 60px;\">Le CHAT permet de d\u00e9terminer si les difficult\u00e9s de l\u2019enfant sont susceptibles de relever des troubles envahissants du d\u00e9veloppement. Le CHAT vise donc \u00e0 d\u00e9tecter les jeunes enfants \u00e0 risque de d\u00e9velopper un syndrome autistique mais ne peut constituer un instrument de diagnostic formel en soi. En effet, les erreurs, tant les faux positifs que les faux n\u00e9gatifs, sont nombreuses<\/p>\n<p style=\"padding-left: 30px;\"><a href=\"http:\/\/www.fmc-tourcoing.org\/new\/wp-content\/uploads\/2018\/03\/Annuaire_CMP_Nord-Pas-de-Calais-1.pdf\" target=\"_blank\" rel=\"noopener\">Annuaire_CMP_Nord-Pas-de-Calais<\/a><\/p>\n<p class=\"p2\" style=\"padding-left: 60px;\">Annuaire des CMP (Centres m\u00e9dico-psychologiques) du Nord \u2013 Pas-de-Calais<\/p>\n<p style=\"padding-left: 30px;\"><a href=\"http:\/\/www.fmc-tourcoing.org\/new\/wp-content\/uploads\/2018\/03\/Secteurs-CMP.pdf\" target=\"_blank\" rel=\"noopener\">Secteurs-CMP<\/a><\/p>\n<p class=\"p1\" style=\"padding-left: 60px;\">Voici le lien pour t\u00e9l\u00e9charger les fiches secteurs (fiche par secteur de psychiatrie adulte et par intersecteur de psychiatrie infanto-juv\u00e9nile).<\/p>\n<p style=\"padding-left: 30px;\"><a href=\"http:\/\/www.fmc-tourcoing.org\/new\/wp-content\/uploads\/2018\/03\/SanteMentale-enfants-ado-Nord-PdC.pdf\" target=\"_blank\" rel=\"noopener\">SanteMentale-enfants-ado-Nord-PdC<\/a><\/p>\n<p class=\"p2\" style=\"padding-left: 60px;\">Enfants et jeunes dans le Nord &#8211; Pas-de-Calais<\/p>\n<p style=\"padding-left: 30px;\"><a href=\"http:\/\/www.fmc-tourcoing.org\/new\/wp-content\/uploads\/2018\/03\/Associations_TED_NPDC.pdf\" target=\"_blank\" rel=\"noopener\">Associations_TED_NPDC<\/a><\/p>\n<p class=\"p2\" style=\"padding-left: 60px;\">Coordonn\u00e9es et objectifs des associations de familles et\/ou de professionnels, bas\u00e9es dans la r\u00e9gion Nord-Pas de Calais.<\/p>\n","protected":false},"excerpt":{"rendered":"<p>Autisme (TSA : Trouble du Spectre Autistique) et autres TED (Troubles Envahissants du D\u00e9veloppement) Dr Lenfant Diaporama de la soir\u00e9e Rep\u00e9rage et prise en charge pr\u00e9coces de l\u2018Autisme et Autres Troubles Envahissants du D\u00e9veloppement (TED) Pour en savoir plus Autisme-Adulte-HAS-Reco-2017-12 &hellip; <a href=\"https:\/\/www.fmc-tourcoing.org\/new\/2018\/03\/autisme-tsa-trouble-du-spectre-autistique-et-autres-ted-troubles-envahissants-du-developpement-dr-lenfant\/\">Continuer la lecture <span class=\"meta-nav\">&rarr;<\/span><\/a><\/p>\n","protected":false},"author":1,"featured_media":0,"comment_status":"closed","ping_status":"open","sticky":false,"template":"","format":"standard","meta":{"_crdt_document":"","footnotes":""},"categories":[4,29,8],"tags":[],"class_list":["post-1512","post","type-post","status-publish","format-standard","hentry","category-accueil","category-compte-rendus-de-fmc-selection","category-publications"],"_links":{"self":[{"href":"https:\/\/www.fmc-tourcoing.org\/new\/wp-json\/wp\/v2\/posts\/1512","targetHints":{"allow":["GET"]}}],"collection":[{"href":"https:\/\/www.fmc-tourcoing.org\/new\/wp-json\/wp\/v2\/posts"}],"about":[{"href":"https:\/\/www.fmc-tourcoing.org\/new\/wp-json\/wp\/v2\/types\/post"}],"author":[{"embeddable":true,"href":"https:\/\/www.fmc-tourcoing.org\/new\/wp-json\/wp\/v2\/users\/1"}],"replies":[{"embeddable":true,"href":"https:\/\/www.fmc-tourcoing.org\/new\/wp-json\/wp\/v2\/comments?post=1512"}],"version-history":[{"count":8,"href":"https:\/\/www.fmc-tourcoing.org\/new\/wp-json\/wp\/v2\/posts\/1512\/revisions"}],"predecessor-version":[{"id":1545,"href":"https:\/\/www.fmc-tourcoing.org\/new\/wp-json\/wp\/v2\/posts\/1512\/revisions\/1545"}],"wp:attachment":[{"href":"https:\/\/www.fmc-tourcoing.org\/new\/wp-json\/wp\/v2\/media?parent=1512"}],"wp:term":[{"taxonomy":"category","embeddable":true,"href":"https:\/\/www.fmc-tourcoing.org\/new\/wp-json\/wp\/v2\/categories?post=1512"},{"taxonomy":"post_tag","embeddable":true,"href":"https:\/\/www.fmc-tourcoing.org\/new\/wp-json\/wp\/v2\/tags?post=1512"}],"curies":[{"name":"wp","href":"https:\/\/api.w.org\/{rel}","templated":true}]}}