{"id":1090,"date":"2016-03-18T00:13:13","date_gmt":"2016-03-17T23:13:13","guid":{"rendered":"http:\/\/www.fmc-tourcoing.org\/new\/?p=1090"},"modified":"2016-03-18T17:34:57","modified_gmt":"2016-03-18T16:34:57","slug":"examen-du-pied-du-cor-au-mal-perforant","status":"publish","type":"post","link":"https:\/\/www.fmc-tourcoing.org\/new\/2016\/03\/examen-du-pied-du-cor-au-mal-perforant\/","title":{"rendered":"Examen du pied : \u00ab du cor au mal perforant \u00bb"},"content":{"rendered":"<h1 style=\"text-align: center;\">\u00ab Du cor au mal perforant \u00bb<\/h1>\n<h2>Diaporama de la soir\u00e9e :<\/h2>\n<p style=\"padding-left: 30px;\"><a href=\"http:\/\/www.fmc-tourcoing.org\/new\/wp-content\/uploads\/2016\/03\/ExamenPied.pdf\" target=\"_blank\" rel=\"\">Examen du pied : \u00ab du cor au mal perforant \u00bb<\/a><\/p>\n<h2>Pour en savoir plus<\/h2>\n<p style=\"padding-left: 30px;\"><a href=\"http:\/\/www.sfdiabete.org\/sites\/sfd.prod\/files\/files\/ressources\/mmm_guide_sfd_para.pdf\" target=\"_blank\">R\u00e9f\u00e9rentiel de bonnes pratiques &#8211; Pour la pr\u00e9vention et le traitement local des troubles trophiques podologiques chez les patients diab\u00e9tiques \u00e0 haut risque podologique<\/a><\/p>\n<p style=\"padding-left: 30px;\"><a href=\"http:\/\/www.fmc-tourcoing.org\/new\/wp-content\/uploads\/2016\/03\/Capture-d\u2019\u00e9cran-2016-03-18-\u00e0-17.32.16.png\" rel=\"attachment wp-att-1110\"><img loading=\"lazy\" decoding=\"async\" class=\"aligncenter size-full wp-image-1110\" src=\"http:\/\/www.fmc-tourcoing.org\/new\/wp-content\/uploads\/2016\/03\/Capture-d\u2019\u00e9cran-2016-03-18-\u00e0-17.32.16.png\" alt=\"Test au Monofilament\" width=\"597\" height=\"499\" srcset=\"https:\/\/www.fmc-tourcoing.org\/new\/wp-content\/uploads\/2016\/03\/Capture-d\u2019\u00e9cran-2016-03-18-\u00e0-17.32.16.png 597w, https:\/\/www.fmc-tourcoing.org\/new\/wp-content\/uploads\/2016\/03\/Capture-d\u2019\u00e9cran-2016-03-18-\u00e0-17.32.16-300x251.png 300w\" sizes=\"auto, (max-width: 597px) 100vw, 597px\" \/><\/a><\/p>\n<p style=\"padding-left: 30px;\"><a href=\"http:\/\/www.fmc-tourcoing.org\/new\/wp-content\/uploads\/2016\/03\/Capture-d\u2019\u00e9cran-2016-03-18-\u00e0-15.22.26.png\" rel=\"attachment wp-att-1096\"><img loading=\"lazy\" decoding=\"async\" class=\"aligncenter size-full wp-image-1096\" src=\"http:\/\/www.fmc-tourcoing.org\/new\/wp-content\/uploads\/2016\/03\/Capture-d\u2019\u00e9cran-2016-03-18-\u00e0-15.22.26.png\" alt=\"Gradation des pieds du diab\u00e9tique\" width=\"505\" height=\"595\" srcset=\"https:\/\/www.fmc-tourcoing.org\/new\/wp-content\/uploads\/2016\/03\/Capture-d\u2019\u00e9cran-2016-03-18-\u00e0-15.22.26.png 505w, https:\/\/www.fmc-tourcoing.org\/new\/wp-content\/uploads\/2016\/03\/Capture-d\u2019\u00e9cran-2016-03-18-\u00e0-15.22.26-255x300.png 255w\" sizes=\"auto, (max-width: 505px) 100vw, 505px\" \/><\/a><\/p>\n<p style=\"padding-left: 30px;\"><a href=\"http:\/\/www.fmc-tourcoing.org\/new\/wp-content\/uploads\/2016\/03\/Capture-d\u2019\u00e9cran-2016-03-18-\u00e0-15.22.56.png\" rel=\"attachment wp-att-1097\"><img loading=\"lazy\" decoding=\"async\" class=\"aligncenter size-full wp-image-1097\" src=\"http:\/\/www.fmc-tourcoing.org\/new\/wp-content\/uploads\/2016\/03\/Capture-d\u2019\u00e9cran-2016-03-18-\u00e0-15.22.56.png\" alt=\"Pansement d'une plaie\" width=\"503\" height=\"190\" srcset=\"https:\/\/www.fmc-tourcoing.org\/new\/wp-content\/uploads\/2016\/03\/Capture-d\u2019\u00e9cran-2016-03-18-\u00e0-15.22.56.png 503w, https:\/\/www.fmc-tourcoing.org\/new\/wp-content\/uploads\/2016\/03\/Capture-d\u2019\u00e9cran-2016-03-18-\u00e0-15.22.56-300x113.png 300w\" sizes=\"auto, (max-width: 503px) 100vw, 503px\" \/><\/a><\/p>\n<p style=\"padding-left: 30px;\"><a href=\"http:\/\/www.has-sante.fr\/portail\/jcms\/c_2012494\/fr\/prevention-et-depistage-du-diabete-de-type-2-et-des-maladies-liees-au-diabete\" target=\"_blank\">Pr\u00e9vention et d\u00e9pistage du diab\u00e8te de type 2 et des maladies li\u00e9es au diab\u00e8te<\/a><\/p>\n<p style=\"padding-left: 60px;\"><a href=\"http:\/\/www.fmc-tourcoing.org\/new\/wp-content\/uploads\/2016\/03\/Algorithmes.pdf\" rel=\"\">Algorithmes de l&rsquo;HAS<\/a><\/p>\n<p style=\"padding-left: 30px;\"><a href=\"http:\/\/unt-ori2.crihan.fr\/unspf\/Concours\/2012_Angers_Jouet_Meunier_Desgues_Hamet_Baglin_PathMainsPied\/co\/pathologies_mains_pieds.html\" target=\"_blank\">Pathologies mains\/pieds et \u00e9ducation th\u00e9rapeutique<\/a><\/p>\n<p style=\"padding-left: 30px;\">Onychomycose :\u00a0La contamination par un dermatophyte se caract\u00e9rise par un\u00a0<strong class=\"op_txt_is_emp\">blanchissement ou un jaunissement<\/strong>\u00a0des bords lat\u00e9raux ou de l&rsquo;extr\u00e9mit\u00e9 de l&rsquo;ongle, cette coloration peut \u00e9galement virer au marron, au vert voir au noir. De plus, l&rsquo;ongle\u00a0<strong class=\"op_txt_is_emp\">s&rsquo;\u00e9paissit<\/strong>\u00a0et on note aussi un\u00a0<strong class=\"op_txt_is_emp\">aspect friable et un d\u00e9collement<\/strong>de celui-ci.<\/p>\n<p style=\"padding-left: 30px;\"><a href=\"http:\/\/www.fmc-tourcoing.org\/new\/wp-content\/uploads\/2016\/03\/Capture-d\u2019\u00e9cran-2016-03-18-\u00e0-15.43.54.png\" rel=\"attachment wp-att-1099\"><img loading=\"lazy\" decoding=\"async\" class=\"aligncenter size-full wp-image-1099\" src=\"http:\/\/www.fmc-tourcoing.org\/new\/wp-content\/uploads\/2016\/03\/Capture-d\u2019\u00e9cran-2016-03-18-\u00e0-15.43.54.png\" alt=\"Onychomycose\" width=\"381\" height=\"158\" srcset=\"https:\/\/www.fmc-tourcoing.org\/new\/wp-content\/uploads\/2016\/03\/Capture-d\u2019\u00e9cran-2016-03-18-\u00e0-15.43.54.png 381w, https:\/\/www.fmc-tourcoing.org\/new\/wp-content\/uploads\/2016\/03\/Capture-d\u2019\u00e9cran-2016-03-18-\u00e0-15.43.54-300x124.png 300w\" sizes=\"auto, (max-width: 381px) 100vw, 381px\" \/><\/a><\/p>\n<ul class=\"op_txt_il\">\n<li class=\"op_txt_ili\">\n<p class=\"op_txt_p\">le\u00a0<strong class=\"op_txt_is_emp\"><a id=\"i0\" class=\"op_txt_ul_glos tooltip_a\" title=\"Lichen plan...\" href=\"http:\/\/unt-ori2.crihan.fr\/unspf\/Concours\/2012_Angers_Jouet_Meunier_Desgues_Hamet_Baglin_PathMainsPied\/co\/pathologies_mains_pieds_22.html#footnotesN101E5\"><dfn>lichen plan<\/dfn><\/a><\/strong>\u00a0:\u00a0on retrouve des sillons longitudinaux avec hyperk\u00e9ratose sous-ungu\u00e9ale, un amincissement de la tablette voir un d\u00e9collement ou une destruction totale ou partielle du lit de l&rsquo;ongle.<\/p>\n<\/li>\n<\/ul>\n<p style=\"padding-left: 30px;\"><a href=\"http:\/\/www.fmc-tourcoing.org\/new\/wp-content\/uploads\/2016\/03\/Capture-d\u2019\u00e9cran-2016-03-18-\u00e0-15.44.14.png\" rel=\"attachment wp-att-1100\"><img loading=\"lazy\" decoding=\"async\" class=\"aligncenter size-full wp-image-1100\" src=\"http:\/\/www.fmc-tourcoing.org\/new\/wp-content\/uploads\/2016\/03\/Capture-d\u2019\u00e9cran-2016-03-18-\u00e0-15.44.14.png\" alt=\"Lichen plan\" width=\"224\" height=\"195\" \/><\/a><\/p>\n<ul class=\"op_txt_il\">\n<li class=\"op_txt_ili\">\n<p class=\"op_txt_p\">le\u00a0<strong class=\"op_txt_is_emp\"><a id=\"i1\" class=\"op_txt_ul_glos tooltip_a\" title=\"Psoriasis...\" href=\"http:\/\/unt-ori2.crihan.fr\/unspf\/Concours\/2012_Angers_Jouet_Meunier_Desgues_Hamet_Baglin_PathMainsPied\/co\/pathologies_mains_pieds_22.html#footnotesN1021D\"><dfn>psoriasis<\/dfn><\/a><\/strong>\u00a0se caract\u00e9rise par des taches saumon\u00e9es ou un halo \u00e9ryth\u00e9mateux autour de l&rsquo;onycholyse (destruction ou lyse partielle de l&rsquo;ongle).<\/p>\n<\/li>\n<\/ul>\n<div class=\"resInFlow \"><\/div>\n<p style=\"padding-left: 30px;\"><a href=\"http:\/\/www.fmc-tourcoing.org\/new\/wp-content\/uploads\/2016\/03\/Capture-d\u2019\u00e9cran-2016-03-18-\u00e0-15.44.23.png\" rel=\"attachment wp-att-1101\"><img loading=\"lazy\" decoding=\"async\" class=\"aligncenter size-full wp-image-1101\" src=\"http:\/\/www.fmc-tourcoing.org\/new\/wp-content\/uploads\/2016\/03\/Capture-d\u2019\u00e9cran-2016-03-18-\u00e0-15.44.23.png\" alt=\"Psoriasis\" width=\"200\" height=\"147\" \/><\/a><\/p>\n<p style=\"padding-left: 30px;\"><a href=\"http:\/\/revmed.ch\/rms\/2006\/RMS-63\/31246\" target=\"_blank\">Ongle incarn\u00e9<\/a><\/p>\n<p><a href=\"http:\/\/www.fmc-tourcoing.org\/new\/wp-content\/uploads\/2016\/03\/Capture-d\u2019\u00e9cran-2016-03-18-\u00e0-15.49.51.png\" rel=\"attachment wp-att-1102\"><img loading=\"lazy\" decoding=\"async\" class=\"aligncenter size-full wp-image-1102\" src=\"http:\/\/www.fmc-tourcoing.org\/new\/wp-content\/uploads\/2016\/03\/Capture-d\u2019\u00e9cran-2016-03-18-\u00e0-15.49.51.png\" alt=\"Orth\u00e8se ungu\u00e9ale\" width=\"361\" height=\"370\" srcset=\"https:\/\/www.fmc-tourcoing.org\/new\/wp-content\/uploads\/2016\/03\/Capture-d\u2019\u00e9cran-2016-03-18-\u00e0-15.49.51.png 361w, https:\/\/www.fmc-tourcoing.org\/new\/wp-content\/uploads\/2016\/03\/Capture-d\u2019\u00e9cran-2016-03-18-\u00e0-15.49.51-293x300.png 293w\" sizes=\"auto, (max-width: 361px) 100vw, 361px\" \/><\/a><\/p>\n","protected":false},"excerpt":{"rendered":"<p>\u00ab Du cor au mal perforant \u00bb Diaporama de la soir\u00e9e : Examen du pied : \u00ab du cor au mal perforant \u00bb Pour en savoir plus R\u00e9f\u00e9rentiel de bonnes pratiques &#8211; Pour la pr\u00e9vention et le traitement local des &hellip; <a href=\"https:\/\/www.fmc-tourcoing.org\/new\/2016\/03\/examen-du-pied-du-cor-au-mal-perforant\/\">Continuer la lecture <span class=\"meta-nav\">&rarr;<\/span><\/a><\/p>\n","protected":false},"author":1,"featured_media":0,"comment_status":"closed","ping_status":"open","sticky":false,"template":"","format":"standard","meta":{"_crdt_document":"","footnotes":""},"categories":[4,30,29,8],"tags":[],"class_list":["post-1090","post","type-post","status-publish","format-standard","hentry","category-accueil","category-communiques","category-compte-rendus-de-fmc-selection","category-publications"],"_links":{"self":[{"href":"https:\/\/www.fmc-tourcoing.org\/new\/wp-json\/wp\/v2\/posts\/1090","targetHints":{"allow":["GET"]}}],"collection":[{"href":"https:\/\/www.fmc-tourcoing.org\/new\/wp-json\/wp\/v2\/posts"}],"about":[{"href":"https:\/\/www.fmc-tourcoing.org\/new\/wp-json\/wp\/v2\/types\/post"}],"author":[{"embeddable":true,"href":"https:\/\/www.fmc-tourcoing.org\/new\/wp-json\/wp\/v2\/users\/1"}],"replies":[{"embeddable":true,"href":"https:\/\/www.fmc-tourcoing.org\/new\/wp-json\/wp\/v2\/comments?post=1090"}],"version-history":[{"count":8,"href":"https:\/\/www.fmc-tourcoing.org\/new\/wp-json\/wp\/v2\/posts\/1090\/revisions"}],"predecessor-version":[{"id":1111,"href":"https:\/\/www.fmc-tourcoing.org\/new\/wp-json\/wp\/v2\/posts\/1090\/revisions\/1111"}],"wp:attachment":[{"href":"https:\/\/www.fmc-tourcoing.org\/new\/wp-json\/wp\/v2\/media?parent=1090"}],"wp:term":[{"taxonomy":"category","embeddable":true,"href":"https:\/\/www.fmc-tourcoing.org\/new\/wp-json\/wp\/v2\/categories?post=1090"},{"taxonomy":"post_tag","embeddable":true,"href":"https:\/\/www.fmc-tourcoing.org\/new\/wp-json\/wp\/v2\/tags?post=1090"}],"curies":[{"name":"wp","href":"https:\/\/api.w.org\/{rel}","templated":true}]}}